{"id":2019,"date":"2025-03-17T13:46:09","date_gmt":"2025-03-17T12:46:09","guid":{"rendered":"https:\/\/www.laferrotecnica.com\/complementi-darredo-per-esterni\/"},"modified":"2025-06-20T08:27:36","modified_gmt":"2025-06-20T06:27:36","slug":"complements-exterieurs","status":"publish","type":"post","link":"https:\/\/www.laferrotecnica.com\/fr\/complements-exterieurs\/","title":{"rendered":"Compl\u00e9ments ext\u00e9rieurs"},"content":{"rendered":"<h2>Compl\u00e9ments ext\u00e9rieurs\u00a0: Qualit\u00e9 et design pour votre ext\u00e9rieur<\/h2>\n<p>Vous pourrez ainsi valoriser votre jardin, terrazzo ou espace ext\u00e9rieur, le compl\u00e9ments ext\u00e9rieurs de LaFerrotecnica uniscono esth\u00e9tique, r\u00e9sistance et fonctionnalit\u00e9. R\u00e9alis\u00e9s avec des mat\u00e9riaux de haute qualit\u00e9 comme le corten, avec un effet robuste et un vernis noir \u00e0 haute temp\u00e9rature, notre produit est garanti dans le temps et avec un design adapt\u00e9 \u00e0 tout type d&rsquo;environnement.<\/p>\n<h2>Pourquoi choisir nos compl\u00e9ments ext\u00e9rieurs?<\/h2>\n<p>Nos produits sont pens\u00e9s pour r\u00e9sister aux agents atmosph\u00e9riques et offrir une touche de style \u00e0 n&rsquo;importe quel espace ext\u00e9rieur. Mes principaux avantages incluent\u00a0:<\/p>\n<p>Mat\u00e9riaux r\u00e9sistants\u00a0: Le corten a une patine protectrice naturelle, l&rsquo;effet ruggine offre un aspect viss\u00e9 sans d\u00e9grad\u00e9, tandis que l&rsquo;acciaio verni noir assure une esth\u00e9tique \u00e9l\u00e9gante et moderne.<br \/>\nManutenzione minima\u00a0:\u00a0Grazie alla qualit\u00e0 dei materials, i nostri compl\u00e9menti non richiedono cure particolari.<br \/>\nDesign polyvalent : parfaits pour les ambiances rustiques, industrielles ou contemporaines, si adapt\u00e9s \u00e0 toutes les esth\u00e9tiques.<br \/>\nJ&rsquo;ai nos produits pour arr\u00eater votre espace ext\u00e9rieur<\/p>\n<p>Dans notre catalogue, vous trouverez une large gamme de solutions pour votre ext\u00e9rieur\u00a0:<\/p>\n<p>Barbecue\u00a0: disponible en corten, effet ruggine ou vernis noir \u00e0 haute temp\u00e9rature, parfait pour cuisiner \u00e0 l&rsquo;ext\u00e9rieur avec style.<br \/>\nBracieri\u00a0: \u00c9l\u00e9ments d\u00e9coratifs et fonctionnels qui cr\u00e9ent une atmosph\u00e8re adapt\u00e9e \u00e0 l&rsquo;ouverture.<br \/>\nFleuri\u00e8re : Solutions \u00e9l\u00e9gantes et r\u00e9sistantes en corten, pour arricchire giardini, terrazzi e spazi pubblici.<\/p>\n<h2>\nD\u00e9couvrez la qualit\u00e9 artisanale de LaFerrotecnica<\/h2>\n<p>Chaque produit est r\u00e9alis\u00e9 avec soin et attention aux d\u00e9tails afin de garantir la dur\u00e9e et la conception. Nous sommes sp\u00e9cialis\u00e9s dans le travail de mat\u00e9riaux innovants et proposons \u00e9galement des solutions personnalis\u00e9es pour vous adapter parfaitement \u00e0 vos projets.<\/p>\n<p>D\u00e9couvrez notre collection de compl\u00e9ments d&rsquo;art pour l&rsquo;ext\u00e9rieur et transformez votre espace ouvert avec style et qualit\u00e9\u00a0!<\/p>\n","protected":false},"excerpt":{"rendered":"<p>Compl\u00e9ments ext\u00e9rieurs\u00a0: Qualit\u00e9 et design pour votre ext\u00e9rieur Vous pourrez ainsi valoriser votre jardin, terrazzo ou espace ext\u00e9rieur, le compl\u00e9ments [&hellip;]<\/p>\n","protected":false},"author":3,"featured_media":1590,"comment_status":"closed","ping_status":"closed","sticky":false,"template":"","format":"standard","meta":{"_acf_changed":false,"inline_featured_image":false,"footnotes":""},"categories":[36],"tags":[],"class_list":["post-2019","post","type-post","status-publish","format-standard","has-post-thumbnail","hentry","category-non-categorise"],"acf":[],"yoast_head":"<!-- This site is optimized with the Yoast SEO plugin v27.5 - https:\/\/yoast.com\/product\/yoast-seo-wordpress\/ -->\n<title>Compl\u00e9ments ext\u00e9rieurs - LaFerrotecnica<\/title>\n<meta name=\"description\" content=\"Compl\u00e9ments ext\u00e9rieurs. Compl\u00e9ments d&#039;architecture : qualit\u00e9 et design pour votre ext\u00e9rieur. D\u00e9couvrez la qualit\u00e9 de LaFerrotecnica.\" \/>\n<meta name=\"robots\" content=\"index, follow, max-snippet:-1, max-image-preview:large, max-video-preview:-1\" \/>\n<link rel=\"canonical\" href=\"https:\/\/www.laferrotecnica.com\/fr\/complements-exterieurs\/\" \/>\n<meta property=\"og:locale\" content=\"fr_FR\" \/>\n<meta property=\"og:type\" content=\"article\" \/>\n<meta property=\"og:title\" content=\"Compl\u00e9ments ext\u00e9rieurs - LaFerrotecnica\" \/>\n<meta property=\"og:description\" content=\"Compl\u00e9ments ext\u00e9rieurs. Compl\u00e9ments d&#039;architecture : qualit\u00e9 et design pour votre ext\u00e9rieur. D\u00e9couvrez la qualit\u00e9 de LaFerrotecnica.\" \/>\n<meta property=\"og:url\" content=\"https:\/\/www.laferrotecnica.com\/fr\/complements-exterieurs\/\" \/>\n<meta property=\"og:site_name\" content=\"LaFerrotecnica\" \/>\n<meta property=\"article:publisher\" content=\"https:\/\/www.facebook.com\/profile.php?id=100091678810025\" \/>\n<meta property=\"article:published_time\" content=\"2025-03-17T12:46:09+00:00\" \/>\n<meta property=\"article:modified_time\" content=\"2025-06-20T06:27:36+00:00\" \/>\n<meta property=\"og:image\" content=\"https:\/\/www.laferrotecnica.com\/wp-content\/uploads\/2025\/06\/PL633-1-1.png\" \/>\n\t<meta property=\"og:image:width\" content=\"1920\" \/>\n\t<meta property=\"og:image:height\" content=\"1278\" \/>\n\t<meta property=\"og:image:type\" content=\"image\/png\" \/>\n<meta name=\"author\" content=\"lapaoladellaferrotecnica\" \/>\n<meta name=\"twitter:card\" content=\"summary_large_image\" \/>\n<meta name=\"twitter:label1\" content=\"\u00c9crit par\" \/>\n\t<meta name=\"twitter:data1\" content=\"lapaoladellaferrotecnica\" \/>\n\t<meta name=\"twitter:label2\" content=\"Dur\u00e9e de lecture estim\u00e9e\" \/>\n\t<meta name=\"twitter:data2\" content=\"2 minutes\" \/>\n<script type=\"application\/ld+json\" class=\"yoast-schema-graph\">{\"@context\":\"https:\\\/\\\/schema.org\",\"@graph\":[{\"@type\":\"Article\",\"@id\":\"https:\\\/\\\/www.laferrotecnica.com\\\/fr\\\/complements-exterieurs\\\/#article\",\"isPartOf\":{\"@id\":\"https:\\\/\\\/www.laferrotecnica.com\\\/fr\\\/complements-exterieurs\\\/\"},\"author\":{\"name\":\"lapaoladellaferrotecnica\",\"@id\":\"https:\\\/\\\/www.laferrotecnica.com\\\/fr\\\/#\\\/schema\\\/person\\\/0803d3fb6504d3c3512b90b4f140afbe\"},\"headline\":\"Compl\u00e9ments ext\u00e9rieurs\",\"datePublished\":\"2025-03-17T12:46:09+00:00\",\"dateModified\":\"2025-06-20T06:27:36+00:00\",\"mainEntityOfPage\":{\"@id\":\"https:\\\/\\\/www.laferrotecnica.com\\\/fr\\\/complements-exterieurs\\\/\"},\"wordCount\":336,\"image\":{\"@id\":\"https:\\\/\\\/www.laferrotecnica.com\\\/fr\\\/complements-exterieurs\\\/#primaryimage\"},\"thumbnailUrl\":\"https:\\\/\\\/www.laferrotecnica.com\\\/wp-content\\\/uploads\\\/2025\\\/06\\\/PL633-1-1.png\",\"articleSection\":[\"Non cat\u00e9goris\u00e9\"],\"inLanguage\":\"fr-FR\"},{\"@type\":\"WebPage\",\"@id\":\"https:\\\/\\\/www.laferrotecnica.com\\\/fr\\\/complements-exterieurs\\\/\",\"url\":\"https:\\\/\\\/www.laferrotecnica.com\\\/fr\\\/complements-exterieurs\\\/\",\"name\":\"Compl\u00e9ments ext\u00e9rieurs - LaFerrotecnica\",\"isPartOf\":{\"@id\":\"https:\\\/\\\/www.laferrotecnica.com\\\/fr\\\/#website\"},\"primaryImageOfPage\":{\"@id\":\"https:\\\/\\\/www.laferrotecnica.com\\\/fr\\\/complements-exterieurs\\\/#primaryimage\"},\"image\":{\"@id\":\"https:\\\/\\\/www.laferrotecnica.com\\\/fr\\\/complements-exterieurs\\\/#primaryimage\"},\"thumbnailUrl\":\"https:\\\/\\\/www.laferrotecnica.com\\\/wp-content\\\/uploads\\\/2025\\\/06\\\/PL633-1-1.png\",\"datePublished\":\"2025-03-17T12:46:09+00:00\",\"dateModified\":\"2025-06-20T06:27:36+00:00\",\"author\":{\"@id\":\"https:\\\/\\\/www.laferrotecnica.com\\\/fr\\\/#\\\/schema\\\/person\\\/0803d3fb6504d3c3512b90b4f140afbe\"},\"description\":\"Compl\u00e9ments ext\u00e9rieurs. Compl\u00e9ments d'architecture : qualit\u00e9 et design pour votre ext\u00e9rieur. D\u00e9couvrez la qualit\u00e9 de LaFerrotecnica.\",\"breadcrumb\":{\"@id\":\"https:\\\/\\\/www.laferrotecnica.com\\\/fr\\\/complements-exterieurs\\\/#breadcrumb\"},\"inLanguage\":\"fr-FR\",\"potentialAction\":[{\"@type\":\"ReadAction\",\"target\":[\"https:\\\/\\\/www.laferrotecnica.com\\\/fr\\\/complements-exterieurs\\\/\"]}]},{\"@type\":\"ImageObject\",\"inLanguage\":\"fr-FR\",\"@id\":\"https:\\\/\\\/www.laferrotecnica.com\\\/fr\\\/complements-exterieurs\\\/#primaryimage\",\"url\":\"https:\\\/\\\/www.laferrotecnica.com\\\/wp-content\\\/uploads\\\/2025\\\/06\\\/PL633-1-1.png\",\"contentUrl\":\"https:\\\/\\\/www.laferrotecnica.com\\\/wp-content\\\/uploads\\\/2025\\\/06\\\/PL633-1-1.png\",\"width\":1920,\"height\":1278,\"caption\":\"mobilier de jardin - Compl\u00e9ments ext\u00e9rieurs\"},{\"@type\":\"BreadcrumbList\",\"@id\":\"https:\\\/\\\/www.laferrotecnica.com\\\/fr\\\/complements-exterieurs\\\/#breadcrumb\",\"itemListElement\":[{\"@type\":\"ListItem\",\"position\":1,\"name\":\"Home\",\"item\":\"https:\\\/\\\/www.laferrotecnica.com\\\/fr\\\/\"},{\"@type\":\"ListItem\",\"position\":2,\"name\":\"Compl\u00e9ments ext\u00e9rieurs\"}]},{\"@type\":\"WebSite\",\"@id\":\"https:\\\/\\\/www.laferrotecnica.com\\\/fr\\\/#website\",\"url\":\"https:\\\/\\\/www.laferrotecnica.com\\\/fr\\\/\",\"name\":\"La Ferro Tecnica\",\"description\":\"Barbecue, bracieri per giardino e accessori per il caminetto\",\"potentialAction\":[{\"@type\":\"SearchAction\",\"target\":{\"@type\":\"EntryPoint\",\"urlTemplate\":\"https:\\\/\\\/www.laferrotecnica.com\\\/fr\\\/?s={search_term_string}\"},\"query-input\":{\"@type\":\"PropertyValueSpecification\",\"valueRequired\":true,\"valueName\":\"search_term_string\"}}],\"inLanguage\":\"fr-FR\"},{\"@type\":\"Person\",\"@id\":\"https:\\\/\\\/www.laferrotecnica.com\\\/fr\\\/#\\\/schema\\\/person\\\/0803d3fb6504d3c3512b90b4f140afbe\",\"name\":\"lapaoladellaferrotecnica\",\"image\":{\"@type\":\"ImageObject\",\"inLanguage\":\"fr-FR\",\"@id\":\"https:\\\/\\\/secure.gravatar.com\\\/avatar\\\/c2085d9be92331d62dc95e34c031de3e621a1f7c00cf69fb1806336a0f66bb04?s=96&d=mm&r=g\",\"url\":\"https:\\\/\\\/secure.gravatar.com\\\/avatar\\\/c2085d9be92331d62dc95e34c031de3e621a1f7c00cf69fb1806336a0f66bb04?s=96&d=mm&r=g\",\"contentUrl\":\"https:\\\/\\\/secure.gravatar.com\\\/avatar\\\/c2085d9be92331d62dc95e34c031de3e621a1f7c00cf69fb1806336a0f66bb04?s=96&d=mm&r=g\",\"caption\":\"lapaoladellaferrotecnica\"},\"url\":\"https:\\\/\\\/www.laferrotecnica.com\\\/fr\\\/author\\\/lapaoladellaferrotecnica\\\/\"}]}<\/script>\n<!-- \/ Yoast SEO plugin. -->","yoast_head_json":{"title":"Compl\u00e9ments ext\u00e9rieurs - LaFerrotecnica","description":"Compl\u00e9ments ext\u00e9rieurs. Compl\u00e9ments d'architecture : qualit\u00e9 et design pour votre ext\u00e9rieur. D\u00e9couvrez la qualit\u00e9 de LaFerrotecnica.","robots":{"index":"index","follow":"follow","max-snippet":"max-snippet:-1","max-image-preview":"max-image-preview:large","max-video-preview":"max-video-preview:-1"},"canonical":"https:\/\/www.laferrotecnica.com\/fr\/complements-exterieurs\/","og_locale":"fr_FR","og_type":"article","og_title":"Compl\u00e9ments ext\u00e9rieurs - LaFerrotecnica","og_description":"Compl\u00e9ments ext\u00e9rieurs. Compl\u00e9ments d'architecture : qualit\u00e9 et design pour votre ext\u00e9rieur. D\u00e9couvrez la qualit\u00e9 de LaFerrotecnica.","og_url":"https:\/\/www.laferrotecnica.com\/fr\/complements-exterieurs\/","og_site_name":"LaFerrotecnica","article_publisher":"https:\/\/www.facebook.com\/profile.php?id=100091678810025","article_published_time":"2025-03-17T12:46:09+00:00","article_modified_time":"2025-06-20T06:27:36+00:00","og_image":[{"width":1920,"height":1278,"url":"https:\/\/www.laferrotecnica.com\/wp-content\/uploads\/2025\/06\/PL633-1-1.png","type":"image\/png"}],"author":"lapaoladellaferrotecnica","twitter_card":"summary_large_image","twitter_misc":{"\u00c9crit par":"lapaoladellaferrotecnica","Dur\u00e9e de lecture estim\u00e9e":"2 minutes"},"schema":{"@context":"https:\/\/schema.org","@graph":[{"@type":"Article","@id":"https:\/\/www.laferrotecnica.com\/fr\/complements-exterieurs\/#article","isPartOf":{"@id":"https:\/\/www.laferrotecnica.com\/fr\/complements-exterieurs\/"},"author":{"name":"lapaoladellaferrotecnica","@id":"https:\/\/www.laferrotecnica.com\/fr\/#\/schema\/person\/0803d3fb6504d3c3512b90b4f140afbe"},"headline":"Compl\u00e9ments ext\u00e9rieurs","datePublished":"2025-03-17T12:46:09+00:00","dateModified":"2025-06-20T06:27:36+00:00","mainEntityOfPage":{"@id":"https:\/\/www.laferrotecnica.com\/fr\/complements-exterieurs\/"},"wordCount":336,"image":{"@id":"https:\/\/www.laferrotecnica.com\/fr\/complements-exterieurs\/#primaryimage"},"thumbnailUrl":"https:\/\/www.laferrotecnica.com\/wp-content\/uploads\/2025\/06\/PL633-1-1.png","articleSection":["Non cat\u00e9goris\u00e9"],"inLanguage":"fr-FR"},{"@type":"WebPage","@id":"https:\/\/www.laferrotecnica.com\/fr\/complements-exterieurs\/","url":"https:\/\/www.laferrotecnica.com\/fr\/complements-exterieurs\/","name":"Compl\u00e9ments ext\u00e9rieurs - LaFerrotecnica","isPartOf":{"@id":"https:\/\/www.laferrotecnica.com\/fr\/#website"},"primaryImageOfPage":{"@id":"https:\/\/www.laferrotecnica.com\/fr\/complements-exterieurs\/#primaryimage"},"image":{"@id":"https:\/\/www.laferrotecnica.com\/fr\/complements-exterieurs\/#primaryimage"},"thumbnailUrl":"https:\/\/www.laferrotecnica.com\/wp-content\/uploads\/2025\/06\/PL633-1-1.png","datePublished":"2025-03-17T12:46:09+00:00","dateModified":"2025-06-20T06:27:36+00:00","author":{"@id":"https:\/\/www.laferrotecnica.com\/fr\/#\/schema\/person\/0803d3fb6504d3c3512b90b4f140afbe"},"description":"Compl\u00e9ments ext\u00e9rieurs. Compl\u00e9ments d'architecture : qualit\u00e9 et design pour votre ext\u00e9rieur. D\u00e9couvrez la qualit\u00e9 de LaFerrotecnica.","breadcrumb":{"@id":"https:\/\/www.laferrotecnica.com\/fr\/complements-exterieurs\/#breadcrumb"},"inLanguage":"fr-FR","potentialAction":[{"@type":"ReadAction","target":["https:\/\/www.laferrotecnica.com\/fr\/complements-exterieurs\/"]}]},{"@type":"ImageObject","inLanguage":"fr-FR","@id":"https:\/\/www.laferrotecnica.com\/fr\/complements-exterieurs\/#primaryimage","url":"https:\/\/www.laferrotecnica.com\/wp-content\/uploads\/2025\/06\/PL633-1-1.png","contentUrl":"https:\/\/www.laferrotecnica.com\/wp-content\/uploads\/2025\/06\/PL633-1-1.png","width":1920,"height":1278,"caption":"mobilier de jardin - Compl\u00e9ments ext\u00e9rieurs"},{"@type":"BreadcrumbList","@id":"https:\/\/www.laferrotecnica.com\/fr\/complements-exterieurs\/#breadcrumb","itemListElement":[{"@type":"ListItem","position":1,"name":"Home","item":"https:\/\/www.laferrotecnica.com\/fr\/"},{"@type":"ListItem","position":2,"name":"Compl\u00e9ments ext\u00e9rieurs"}]},{"@type":"WebSite","@id":"https:\/\/www.laferrotecnica.com\/fr\/#website","url":"https:\/\/www.laferrotecnica.com\/fr\/","name":"La Ferro Tecnica","description":"Barbecue, bracieri per giardino e accessori per il caminetto","potentialAction":[{"@type":"SearchAction","target":{"@type":"EntryPoint","urlTemplate":"https:\/\/www.laferrotecnica.com\/fr\/?s={search_term_string}"},"query-input":{"@type":"PropertyValueSpecification","valueRequired":true,"valueName":"search_term_string"}}],"inLanguage":"fr-FR"},{"@type":"Person","@id":"https:\/\/www.laferrotecnica.com\/fr\/#\/schema\/person\/0803d3fb6504d3c3512b90b4f140afbe","name":"lapaoladellaferrotecnica","image":{"@type":"ImageObject","inLanguage":"fr-FR","@id":"https:\/\/secure.gravatar.com\/avatar\/c2085d9be92331d62dc95e34c031de3e621a1f7c00cf69fb1806336a0f66bb04?s=96&d=mm&r=g","url":"https:\/\/secure.gravatar.com\/avatar\/c2085d9be92331d62dc95e34c031de3e621a1f7c00cf69fb1806336a0f66bb04?s=96&d=mm&r=g","contentUrl":"https:\/\/secure.gravatar.com\/avatar\/c2085d9be92331d62dc95e34c031de3e621a1f7c00cf69fb1806336a0f66bb04?s=96&d=mm&r=g","caption":"lapaoladellaferrotecnica"},"url":"https:\/\/www.laferrotecnica.com\/fr\/author\/lapaoladellaferrotecnica\/"}]}},"_links":{"self":[{"href":"https:\/\/www.laferrotecnica.com\/fr\/wp-json\/wp\/v2\/posts\/2019","targetHints":{"allow":["GET"]}}],"collection":[{"href":"https:\/\/www.laferrotecnica.com\/fr\/wp-json\/wp\/v2\/posts"}],"about":[{"href":"https:\/\/www.laferrotecnica.com\/fr\/wp-json\/wp\/v2\/types\/post"}],"author":[{"embeddable":true,"href":"https:\/\/www.laferrotecnica.com\/fr\/wp-json\/wp\/v2\/users\/3"}],"replies":[{"embeddable":true,"href":"https:\/\/www.laferrotecnica.com\/fr\/wp-json\/wp\/v2\/comments?post=2019"}],"version-history":[{"count":2,"href":"https:\/\/www.laferrotecnica.com\/fr\/wp-json\/wp\/v2\/posts\/2019\/revisions"}],"predecessor-version":[{"id":2021,"href":"https:\/\/www.laferrotecnica.com\/fr\/wp-json\/wp\/v2\/posts\/2019\/revisions\/2021"}],"wp:featuredmedia":[{"embeddable":true,"href":"https:\/\/www.laferrotecnica.com\/fr\/wp-json\/wp\/v2\/media\/1590"}],"wp:attachment":[{"href":"https:\/\/www.laferrotecnica.com\/fr\/wp-json\/wp\/v2\/media?parent=2019"}],"wp:term":[{"taxonomy":"category","embeddable":true,"href":"https:\/\/www.laferrotecnica.com\/fr\/wp-json\/wp\/v2\/categories?post=2019"},{"taxonomy":"post_tag","embeddable":true,"href":"https:\/\/www.laferrotecnica.com\/fr\/wp-json\/wp\/v2\/tags?post=2019"}],"curies":[{"name":"wp","href":"https:\/\/api.w.org\/{rel}","templated":true}]}}