{"id":2014,"date":"2025-03-19T08:48:55","date_gmt":"2025-03-19T07:48:55","guid":{"rendered":"https:\/\/www.laferrotecnica.com\/arredo-esterno-design\/"},"modified":"2025-06-19T17:24:08","modified_gmt":"2025-06-19T15:24:08","slug":"mobilier-dexterieur-design","status":"publish","type":"post","link":"https:\/\/www.laferrotecnica.com\/fr\/mobilier-dexterieur-design\/","title":{"rendered":"Mobilier d&rsquo;ext\u00e9rieur Design"},"content":{"rendered":"<h2>Mobilier d&rsquo;ext\u00e9rieur Design : barbecues, braseros et jardini\u00e8res LaFerrotecnica<\/h2>\n<p>Transformez votre Mobilier d&rsquo;ext\u00e9rieur Design gr\u00e2ce \u00e0 l&rsquo;\u00e9l\u00e9gance et \u00e0 la fonctionnalit\u00e9 des produits LaFerrotecnica. Notre entreprise, bas\u00e9e dans le Val Seriana, est sp\u00e9cialis\u00e9e dans la conception de mobilier d&rsquo;ext\u00e9rieur et la transformation de l&rsquo;acier pour la production Made in Italy de barbecues, braseros de jardin et jardini\u00e8res de la plus haute qualit\u00e9.<\/p>\n<h2>Barbecues \u00e0 bois et \u00e0 charbon\u00a0: tradition et innovation<\/h2>\n<p>Nos barbecues \u00e0 bois ou \u00e0 charbon allient tradition culinaire italienne et design moderne et fonctionnel. Fabriqu\u00e9s avec des mat\u00e9riaux de haute qualit\u00e9 comme l&rsquo;acier et le Corten, nos barbecues garantissent r\u00e9sistance aux intemp\u00e9ries et long\u00e9vit\u00e9. Le mod\u00e8le Ara, par exemple, se distingue par ses lignes minimalistes et sa structure moderne, id\u00e9ale pour les espaces ext\u00e9rieurs contemporains comme rustiques.<\/p>\n<h2>Braseros de jardin\u00a0: ambiance et chaleur<\/h2>\n<p>Les braseros de jardin LaFerrotecnica sont con\u00e7us pour cr\u00e9er une atmosph\u00e8re chaleureuse dans vos espaces ext\u00e9rieurs. En plus de fournir de la chaleur lors des soir\u00e9es plus fra\u00eeches, ils constituent des \u00e9l\u00e9ments de design qui embellissent votre jardin ou votre terrasse. Notre gamme Brace Viva propose diff\u00e9rentes solutions pour r\u00e9pondre \u00e0 tous les besoins.<\/p>\n<h2>Conception de mobilier d&rsquo;ext\u00e9rieur : \u00c9l\u00e9gance et qualit\u00e9 sup\u00e9rieure<\/h2>\n<p>Pour parfaire la d\u00e9coration de votre espace ext\u00e9rieur, nous vous proposons des jardini\u00e8res design alliant esth\u00e9tique et fonctionnalit\u00e9. Notre gamme Oasi Glamour propose des jardini\u00e8res fabriqu\u00e9es avec des mat\u00e9riaux nobles, du Corten, et des designs raffin\u00e9s, parfaits pour ajouter une touche de verdure avec style.<\/p>\n<h2>Pourquoi choisir LaFerrotecnica\u00a0?<\/h2>\n<p>Qualit\u00e9 artisanale\u00a0: Chaque produit est fabriqu\u00e9 avec soin et ma\u00eetrise, garantissant des normes \u00e9lev\u00e9es et une longue dur\u00e9e de vie.<br \/>\nDesign italien\u00a0: Nos cr\u00e9ations offrent l&rsquo;\u00e9l\u00e9gance et le raffinement du design italien, s&rsquo;adaptant \u00e0 diff\u00e9rents contextes architecturaux.<\/p>\n<p>Si vous souhaitez transformer vos espaces ext\u00e9rieurs avec des produits design et de qualit\u00e9, LaFerrotecnica est le choix id\u00e9al.<\/p>\n","protected":false},"excerpt":{"rendered":"<p>Mobilier d&rsquo;ext\u00e9rieur Design : barbecues, braseros et jardini\u00e8res LaFerrotecnica Transformez votre Mobilier d&rsquo;ext\u00e9rieur Design gr\u00e2ce \u00e0 l&rsquo;\u00e9l\u00e9gance et \u00e0 la [&hellip;]<\/p>\n","protected":false},"author":3,"featured_media":538,"comment_status":"closed","ping_status":"closed","sticky":false,"template":"","format":"standard","meta":{"_acf_changed":false,"inline_featured_image":false,"footnotes":""},"categories":[36],"tags":[],"class_list":["post-2014","post","type-post","status-publish","format-standard","has-post-thumbnail","hentry","category-non-categorise"],"acf":[],"yoast_head":"<!-- This site is optimized with the Yoast SEO plugin v27.5 - https:\/\/yoast.com\/product\/yoast-seo-wordpress\/ -->\n<title>Mobilier d&#039;ext\u00e9rieur Design - LaFerrotecnica<\/title>\n<meta name=\"description\" content=\"Mobilier d&#039;ext\u00e9rieur Design Barbecues, braseros et jardini\u00e8res par LaFerrotecnica. Braseros de jardin\u00a0: ambiance et chaleur.\" \/>\n<meta name=\"robots\" content=\"index, follow, max-snippet:-1, max-image-preview:large, max-video-preview:-1\" \/>\n<link rel=\"canonical\" href=\"https:\/\/www.laferrotecnica.com\/fr\/mobilier-dexterieur-design\/\" \/>\n<meta property=\"og:locale\" content=\"fr_FR\" \/>\n<meta property=\"og:type\" content=\"article\" \/>\n<meta property=\"og:title\" content=\"Mobilier d&#039;ext\u00e9rieur Design - LaFerrotecnica\" \/>\n<meta property=\"og:description\" content=\"Mobilier d&#039;ext\u00e9rieur Design Barbecues, braseros et jardini\u00e8res par LaFerrotecnica. Braseros de jardin\u00a0: ambiance et chaleur.\" \/>\n<meta property=\"og:url\" content=\"https:\/\/www.laferrotecnica.com\/fr\/mobilier-dexterieur-design\/\" \/>\n<meta property=\"og:site_name\" content=\"LaFerrotecnica\" \/>\n<meta property=\"article:publisher\" content=\"https:\/\/www.facebook.com\/profile.php?id=100091678810025\" \/>\n<meta property=\"article:published_time\" content=\"2025-03-19T07:48:55+00:00\" \/>\n<meta property=\"article:modified_time\" content=\"2025-06-19T15:24:08+00:00\" \/>\n<meta property=\"og:image\" content=\"https:\/\/www.laferrotecnica.com\/wp-content\/uploads\/2024\/10\/BQ177A-1.png\" \/>\n\t<meta property=\"og:image:width\" content=\"894\" \/>\n\t<meta property=\"og:image:height\" content=\"1000\" \/>\n\t<meta property=\"og:image:type\" content=\"image\/png\" \/>\n<meta name=\"author\" content=\"lapaoladellaferrotecnica\" \/>\n<meta name=\"twitter:card\" content=\"summary_large_image\" \/>\n<meta name=\"twitter:label1\" content=\"\u00c9crit par\" \/>\n\t<meta name=\"twitter:data1\" content=\"lapaoladellaferrotecnica\" \/>\n\t<meta name=\"twitter:label2\" content=\"Dur\u00e9e de lecture estim\u00e9e\" \/>\n\t<meta name=\"twitter:data2\" content=\"2 minutes\" \/>\n<script type=\"application\/ld+json\" class=\"yoast-schema-graph\">{\"@context\":\"https:\\\/\\\/schema.org\",\"@graph\":[{\"@type\":\"Article\",\"@id\":\"https:\\\/\\\/www.laferrotecnica.com\\\/fr\\\/mobilier-dexterieur-design\\\/#article\",\"isPartOf\":{\"@id\":\"https:\\\/\\\/www.laferrotecnica.com\\\/fr\\\/mobilier-dexterieur-design\\\/\"},\"author\":{\"name\":\"lapaoladellaferrotecnica\",\"@id\":\"https:\\\/\\\/www.laferrotecnica.com\\\/fr\\\/#\\\/schema\\\/person\\\/0803d3fb6504d3c3512b90b4f140afbe\"},\"headline\":\"Mobilier d&rsquo;ext\u00e9rieur Design\",\"datePublished\":\"2025-03-19T07:48:55+00:00\",\"dateModified\":\"2025-06-19T15:24:08+00:00\",\"mainEntityOfPage\":{\"@id\":\"https:\\\/\\\/www.laferrotecnica.com\\\/fr\\\/mobilier-dexterieur-design\\\/\"},\"wordCount\":353,\"image\":{\"@id\":\"https:\\\/\\\/www.laferrotecnica.com\\\/fr\\\/mobilier-dexterieur-design\\\/#primaryimage\"},\"thumbnailUrl\":\"https:\\\/\\\/www.laferrotecnica.com\\\/wp-content\\\/uploads\\\/2024\\\/10\\\/BQ177A-1.png\",\"articleSection\":[\"Non cat\u00e9goris\u00e9\"],\"inLanguage\":\"fr-FR\"},{\"@type\":\"WebPage\",\"@id\":\"https:\\\/\\\/www.laferrotecnica.com\\\/fr\\\/mobilier-dexterieur-design\\\/\",\"url\":\"https:\\\/\\\/www.laferrotecnica.com\\\/fr\\\/mobilier-dexterieur-design\\\/\",\"name\":\"Mobilier d'ext\u00e9rieur Design - LaFerrotecnica\",\"isPartOf\":{\"@id\":\"https:\\\/\\\/www.laferrotecnica.com\\\/fr\\\/#website\"},\"primaryImageOfPage\":{\"@id\":\"https:\\\/\\\/www.laferrotecnica.com\\\/fr\\\/mobilier-dexterieur-design\\\/#primaryimage\"},\"image\":{\"@id\":\"https:\\\/\\\/www.laferrotecnica.com\\\/fr\\\/mobilier-dexterieur-design\\\/#primaryimage\"},\"thumbnailUrl\":\"https:\\\/\\\/www.laferrotecnica.com\\\/wp-content\\\/uploads\\\/2024\\\/10\\\/BQ177A-1.png\",\"datePublished\":\"2025-03-19T07:48:55+00:00\",\"dateModified\":\"2025-06-19T15:24:08+00:00\",\"author\":{\"@id\":\"https:\\\/\\\/www.laferrotecnica.com\\\/fr\\\/#\\\/schema\\\/person\\\/0803d3fb6504d3c3512b90b4f140afbe\"},\"description\":\"Mobilier d'ext\u00e9rieur Design Barbecues, braseros et jardini\u00e8res par LaFerrotecnica. Braseros de jardin\u00a0: ambiance et chaleur.\",\"breadcrumb\":{\"@id\":\"https:\\\/\\\/www.laferrotecnica.com\\\/fr\\\/mobilier-dexterieur-design\\\/#breadcrumb\"},\"inLanguage\":\"fr-FR\",\"potentialAction\":[{\"@type\":\"ReadAction\",\"target\":[\"https:\\\/\\\/www.laferrotecnica.com\\\/fr\\\/mobilier-dexterieur-design\\\/\"]}]},{\"@type\":\"ImageObject\",\"inLanguage\":\"fr-FR\",\"@id\":\"https:\\\/\\\/www.laferrotecnica.com\\\/fr\\\/mobilier-dexterieur-design\\\/#primaryimage\",\"url\":\"https:\\\/\\\/www.laferrotecnica.com\\\/wp-content\\\/uploads\\\/2024\\\/10\\\/BQ177A-1.png\",\"contentUrl\":\"https:\\\/\\\/www.laferrotecnica.com\\\/wp-content\\\/uploads\\\/2024\\\/10\\\/BQ177A-1.png\",\"width\":894,\"height\":1000,\"caption\":\"Barbecue in ferro - Iron barbecue - Outdoor furniture design - Mobilier d'ext\u00e9rieur Design\"},{\"@type\":\"BreadcrumbList\",\"@id\":\"https:\\\/\\\/www.laferrotecnica.com\\\/fr\\\/mobilier-dexterieur-design\\\/#breadcrumb\",\"itemListElement\":[{\"@type\":\"ListItem\",\"position\":1,\"name\":\"Home\",\"item\":\"https:\\\/\\\/www.laferrotecnica.com\\\/fr\\\/\"},{\"@type\":\"ListItem\",\"position\":2,\"name\":\"Mobilier d&#8217;ext\u00e9rieur Design\"}]},{\"@type\":\"WebSite\",\"@id\":\"https:\\\/\\\/www.laferrotecnica.com\\\/fr\\\/#website\",\"url\":\"https:\\\/\\\/www.laferrotecnica.com\\\/fr\\\/\",\"name\":\"La Ferro Tecnica\",\"description\":\"Barbecue, bracieri per giardino e accessori per il caminetto\",\"potentialAction\":[{\"@type\":\"SearchAction\",\"target\":{\"@type\":\"EntryPoint\",\"urlTemplate\":\"https:\\\/\\\/www.laferrotecnica.com\\\/fr\\\/?s={search_term_string}\"},\"query-input\":{\"@type\":\"PropertyValueSpecification\",\"valueRequired\":true,\"valueName\":\"search_term_string\"}}],\"inLanguage\":\"fr-FR\"},{\"@type\":\"Person\",\"@id\":\"https:\\\/\\\/www.laferrotecnica.com\\\/fr\\\/#\\\/schema\\\/person\\\/0803d3fb6504d3c3512b90b4f140afbe\",\"name\":\"lapaoladellaferrotecnica\",\"image\":{\"@type\":\"ImageObject\",\"inLanguage\":\"fr-FR\",\"@id\":\"https:\\\/\\\/secure.gravatar.com\\\/avatar\\\/c2085d9be92331d62dc95e34c031de3e621a1f7c00cf69fb1806336a0f66bb04?s=96&d=mm&r=g\",\"url\":\"https:\\\/\\\/secure.gravatar.com\\\/avatar\\\/c2085d9be92331d62dc95e34c031de3e621a1f7c00cf69fb1806336a0f66bb04?s=96&d=mm&r=g\",\"contentUrl\":\"https:\\\/\\\/secure.gravatar.com\\\/avatar\\\/c2085d9be92331d62dc95e34c031de3e621a1f7c00cf69fb1806336a0f66bb04?s=96&d=mm&r=g\",\"caption\":\"lapaoladellaferrotecnica\"},\"url\":\"https:\\\/\\\/www.laferrotecnica.com\\\/fr\\\/author\\\/lapaoladellaferrotecnica\\\/\"}]}<\/script>\n<!-- \/ Yoast SEO plugin. -->","yoast_head_json":{"title":"Mobilier d'ext\u00e9rieur Design - LaFerrotecnica","description":"Mobilier d'ext\u00e9rieur Design Barbecues, braseros et jardini\u00e8res par LaFerrotecnica. Braseros de jardin\u00a0: ambiance et chaleur.","robots":{"index":"index","follow":"follow","max-snippet":"max-snippet:-1","max-image-preview":"max-image-preview:large","max-video-preview":"max-video-preview:-1"},"canonical":"https:\/\/www.laferrotecnica.com\/fr\/mobilier-dexterieur-design\/","og_locale":"fr_FR","og_type":"article","og_title":"Mobilier d'ext\u00e9rieur Design - LaFerrotecnica","og_description":"Mobilier d'ext\u00e9rieur Design Barbecues, braseros et jardini\u00e8res par LaFerrotecnica. Braseros de jardin\u00a0: ambiance et chaleur.","og_url":"https:\/\/www.laferrotecnica.com\/fr\/mobilier-dexterieur-design\/","og_site_name":"LaFerrotecnica","article_publisher":"https:\/\/www.facebook.com\/profile.php?id=100091678810025","article_published_time":"2025-03-19T07:48:55+00:00","article_modified_time":"2025-06-19T15:24:08+00:00","og_image":[{"width":894,"height":1000,"url":"https:\/\/www.laferrotecnica.com\/wp-content\/uploads\/2024\/10\/BQ177A-1.png","type":"image\/png"}],"author":"lapaoladellaferrotecnica","twitter_card":"summary_large_image","twitter_misc":{"\u00c9crit par":"lapaoladellaferrotecnica","Dur\u00e9e de lecture estim\u00e9e":"2 minutes"},"schema":{"@context":"https:\/\/schema.org","@graph":[{"@type":"Article","@id":"https:\/\/www.laferrotecnica.com\/fr\/mobilier-dexterieur-design\/#article","isPartOf":{"@id":"https:\/\/www.laferrotecnica.com\/fr\/mobilier-dexterieur-design\/"},"author":{"name":"lapaoladellaferrotecnica","@id":"https:\/\/www.laferrotecnica.com\/fr\/#\/schema\/person\/0803d3fb6504d3c3512b90b4f140afbe"},"headline":"Mobilier d&rsquo;ext\u00e9rieur Design","datePublished":"2025-03-19T07:48:55+00:00","dateModified":"2025-06-19T15:24:08+00:00","mainEntityOfPage":{"@id":"https:\/\/www.laferrotecnica.com\/fr\/mobilier-dexterieur-design\/"},"wordCount":353,"image":{"@id":"https:\/\/www.laferrotecnica.com\/fr\/mobilier-dexterieur-design\/#primaryimage"},"thumbnailUrl":"https:\/\/www.laferrotecnica.com\/wp-content\/uploads\/2024\/10\/BQ177A-1.png","articleSection":["Non cat\u00e9goris\u00e9"],"inLanguage":"fr-FR"},{"@type":"WebPage","@id":"https:\/\/www.laferrotecnica.com\/fr\/mobilier-dexterieur-design\/","url":"https:\/\/www.laferrotecnica.com\/fr\/mobilier-dexterieur-design\/","name":"Mobilier d'ext\u00e9rieur Design - LaFerrotecnica","isPartOf":{"@id":"https:\/\/www.laferrotecnica.com\/fr\/#website"},"primaryImageOfPage":{"@id":"https:\/\/www.laferrotecnica.com\/fr\/mobilier-dexterieur-design\/#primaryimage"},"image":{"@id":"https:\/\/www.laferrotecnica.com\/fr\/mobilier-dexterieur-design\/#primaryimage"},"thumbnailUrl":"https:\/\/www.laferrotecnica.com\/wp-content\/uploads\/2024\/10\/BQ177A-1.png","datePublished":"2025-03-19T07:48:55+00:00","dateModified":"2025-06-19T15:24:08+00:00","author":{"@id":"https:\/\/www.laferrotecnica.com\/fr\/#\/schema\/person\/0803d3fb6504d3c3512b90b4f140afbe"},"description":"Mobilier d'ext\u00e9rieur Design Barbecues, braseros et jardini\u00e8res par LaFerrotecnica. Braseros de jardin\u00a0: ambiance et chaleur.","breadcrumb":{"@id":"https:\/\/www.laferrotecnica.com\/fr\/mobilier-dexterieur-design\/#breadcrumb"},"inLanguage":"fr-FR","potentialAction":[{"@type":"ReadAction","target":["https:\/\/www.laferrotecnica.com\/fr\/mobilier-dexterieur-design\/"]}]},{"@type":"ImageObject","inLanguage":"fr-FR","@id":"https:\/\/www.laferrotecnica.com\/fr\/mobilier-dexterieur-design\/#primaryimage","url":"https:\/\/www.laferrotecnica.com\/wp-content\/uploads\/2024\/10\/BQ177A-1.png","contentUrl":"https:\/\/www.laferrotecnica.com\/wp-content\/uploads\/2024\/10\/BQ177A-1.png","width":894,"height":1000,"caption":"Barbecue in ferro - Iron barbecue - Outdoor furniture design - Mobilier d'ext\u00e9rieur Design"},{"@type":"BreadcrumbList","@id":"https:\/\/www.laferrotecnica.com\/fr\/mobilier-dexterieur-design\/#breadcrumb","itemListElement":[{"@type":"ListItem","position":1,"name":"Home","item":"https:\/\/www.laferrotecnica.com\/fr\/"},{"@type":"ListItem","position":2,"name":"Mobilier d&#8217;ext\u00e9rieur Design"}]},{"@type":"WebSite","@id":"https:\/\/www.laferrotecnica.com\/fr\/#website","url":"https:\/\/www.laferrotecnica.com\/fr\/","name":"La Ferro Tecnica","description":"Barbecue, bracieri per giardino e accessori per il caminetto","potentialAction":[{"@type":"SearchAction","target":{"@type":"EntryPoint","urlTemplate":"https:\/\/www.laferrotecnica.com\/fr\/?s={search_term_string}"},"query-input":{"@type":"PropertyValueSpecification","valueRequired":true,"valueName":"search_term_string"}}],"inLanguage":"fr-FR"},{"@type":"Person","@id":"https:\/\/www.laferrotecnica.com\/fr\/#\/schema\/person\/0803d3fb6504d3c3512b90b4f140afbe","name":"lapaoladellaferrotecnica","image":{"@type":"ImageObject","inLanguage":"fr-FR","@id":"https:\/\/secure.gravatar.com\/avatar\/c2085d9be92331d62dc95e34c031de3e621a1f7c00cf69fb1806336a0f66bb04?s=96&d=mm&r=g","url":"https:\/\/secure.gravatar.com\/avatar\/c2085d9be92331d62dc95e34c031de3e621a1f7c00cf69fb1806336a0f66bb04?s=96&d=mm&r=g","contentUrl":"https:\/\/secure.gravatar.com\/avatar\/c2085d9be92331d62dc95e34c031de3e621a1f7c00cf69fb1806336a0f66bb04?s=96&d=mm&r=g","caption":"lapaoladellaferrotecnica"},"url":"https:\/\/www.laferrotecnica.com\/fr\/author\/lapaoladellaferrotecnica\/"}]}},"_links":{"self":[{"href":"https:\/\/www.laferrotecnica.com\/fr\/wp-json\/wp\/v2\/posts\/2014","targetHints":{"allow":["GET"]}}],"collection":[{"href":"https:\/\/www.laferrotecnica.com\/fr\/wp-json\/wp\/v2\/posts"}],"about":[{"href":"https:\/\/www.laferrotecnica.com\/fr\/wp-json\/wp\/v2\/types\/post"}],"author":[{"embeddable":true,"href":"https:\/\/www.laferrotecnica.com\/fr\/wp-json\/wp\/v2\/users\/3"}],"replies":[{"embeddable":true,"href":"https:\/\/www.laferrotecnica.com\/fr\/wp-json\/wp\/v2\/comments?post=2014"}],"version-history":[{"count":3,"href":"https:\/\/www.laferrotecnica.com\/fr\/wp-json\/wp\/v2\/posts\/2014\/revisions"}],"predecessor-version":[{"id":2017,"href":"https:\/\/www.laferrotecnica.com\/fr\/wp-json\/wp\/v2\/posts\/2014\/revisions\/2017"}],"wp:featuredmedia":[{"embeddable":true,"href":"https:\/\/www.laferrotecnica.com\/fr\/wp-json\/wp\/v2\/media\/538"}],"wp:attachment":[{"href":"https:\/\/www.laferrotecnica.com\/fr\/wp-json\/wp\/v2\/media?parent=2014"}],"wp:term":[{"taxonomy":"category","embeddable":true,"href":"https:\/\/www.laferrotecnica.com\/fr\/wp-json\/wp\/v2\/categories?post=2014"},{"taxonomy":"post_tag","embeddable":true,"href":"https:\/\/www.laferrotecnica.com\/fr\/wp-json\/wp\/v2\/tags?post=2014"}],"curies":[{"name":"wp","href":"https:\/\/api.w.org\/{rel}","templated":true}]}}