{"id":2004,"date":"2025-03-19T09:17:07","date_gmt":"2025-03-19T08:17:07","guid":{"rendered":"https:\/\/www.laferrotecnica.com\/bracieri-per-giardino\/"},"modified":"2025-06-19T11:01:31","modified_gmt":"2025-06-19T09:01:31","slug":"braseros-de-jardin","status":"publish","type":"post","link":"https:\/\/www.laferrotecnica.com\/fr\/braseros-de-jardin\/","title":{"rendered":"Braseros de jardin"},"content":{"rendered":"<h2>Ambiance, chaleur et design avec LaFerrotecnica<\/h2>\n<p>Envie de transformer votre jardin en un havre de paix et de convivialit\u00e9\u00a0? Les braseros de jardin LaFerrotecnica sont la solution id\u00e9ale pour apporter chaleur, ambiance et une touche de design \u00e0 vos espaces ext\u00e9rieurs. Id\u00e9als pour les terrasses, les cours et les jardins, nos braseros d&rsquo;ext\u00e9rieur allient des mat\u00e9riaux de haute qualit\u00e9 \u00e0 un style raffin\u00e9 pour vous offrir une exp\u00e9rience ext\u00e9rieure unique.<\/p>\n<h2>Braseros de jardin\u00a0: bien plus qu&rsquo;un simple foyer<\/h2>\n<p>Les braseros de jardin ne sont pas seulement une source de chaleur, mais de v\u00e9ritables \u00e9l\u00e9ments de d\u00e9coration qui rendent chaque espace ext\u00e9rieur accueillant. Qu&rsquo;il s&rsquo;agisse d&rsquo;une soir\u00e9e entre amis, d&rsquo;un d\u00eener en plein air ou d&rsquo;un moment de d\u00e9tente sous les \u00e9toiles, un brasero cr\u00e9e une atmosph\u00e8re suggestive et enveloppante.<\/p>\n<p>Gr\u00e2ce \u00e0 la qualit\u00e9 des mat\u00e9riaux et au soin artisanal qui caract\u00e9rise chaque produit LaFerrotecnica, nos braseros garantissent durabilit\u00e9, r\u00e9sistance aux intemp\u00e9ries et s\u00e9curit\u00e9 d&rsquo;utilisation maximale.<\/p>\n<h2>Pourquoi choisir des braseros de jardin LaFerrotecnica ?<\/h2>\n<p>Design exclusif \u2013 Lignes \u00e9l\u00e9gantes et finitions raffin\u00e9es s&rsquo;int\u00e9grant parfaitement \u00e0 tout environnement, du plus classique au plus moderne.<br \/>\nMat\u00e9riaux durables \u2013 Fabriqu\u00e9s en acier et en Corten, nos braseros r\u00e9sistent \u00e0 la rouille et aux intemp\u00e9ries, garantissant une longue dur\u00e9e de vie.<br \/>\nPolyvalence d&rsquo;utilisation \u2013 Parfait pour r\u00e9chauffer les soir\u00e9es fra\u00eeches, cr\u00e9er un point focal d\u00e9coratif et m\u00eame pour cuisiner.<br \/>\nFacilit\u00e9 d&rsquo;utilisation \u2013 Facile \u00e0 allumer et \u00e0 entretenir, pour une exp\u00e9rience sereine et un faible impact environnemental.<br \/>\nProduction Made in Italy \u2013 Chaque brasero est le fruit de notre exp\u00e9rience dans le travail du m\u00e9tal, synonyme de qualit\u00e9 et de savoir-faire italiens.<\/p>\n<p>Les braseros en acier sont parfaits pour ceux qui recherchent un design contemporain et minimaliste, tandis que les braseros en Corten se distinguent par leur finition naturelle, qui \u00e9volue avec le temps pour prendre des teintes uniques et fascinantes. Ces deux options sont con\u00e7ues pour offrir r\u00e9sistance, stabilit\u00e9 et esth\u00e9tique sophistiqu\u00e9e.<\/p>\n<h2>O\u00f9 utiliser un brasero d&rsquo;ext\u00e9rieur\u00a0?<\/h2>\n<p>Jardin, pour cr\u00e9er un espace de d\u00e9tente accueillant et raffin\u00e9.<br \/>\nTerrasse, pour ajouter une touche de design et de chaleur sans occuper trop d&rsquo;espace.<br \/>\nCour, pour des soir\u00e9es conviviales d\u00e9di\u00e9es au feu et au confort.<br \/>\nAgrotourisme et espaces de plein air, pour offrir une exp\u00e9rience unique \u00e0 vos clients.<\/p>\n<p>D\u00e9couvrez les braseros de jardin LaFerrotecnica<\/p>\n<p>Pour donner un nouveau caract\u00e8re \u00e0 vos espaces ext\u00e9rieurs et profiter de la chaleur du feu en toute saison, choisissez un brasero de jardin LaFerrotecnica.<\/p>\n","protected":false},"excerpt":{"rendered":"<p>Ambiance, chaleur et design avec LaFerrotecnica Envie de transformer votre jardin en un havre de paix et de convivialit\u00e9\u00a0? Les [&hellip;]<\/p>\n","protected":false},"author":3,"featured_media":458,"comment_status":"closed","ping_status":"closed","sticky":false,"template":"","format":"standard","meta":{"_acf_changed":false,"inline_featured_image":false,"footnotes":""},"categories":[36],"tags":[],"class_list":["post-2004","post","type-post","status-publish","format-standard","has-post-thumbnail","hentry","category-non-categorise"],"acf":[],"yoast_head":"<!-- This site is optimized with the Yoast SEO plugin v27.5 - https:\/\/yoast.com\/product\/yoast-seo-wordpress\/ -->\n<title>Braseros de jardin - LaFerrotecnica<\/title>\n<meta name=\"description\" content=\"Braseros de jardin. Les bras\u00e9ros de jardin LaFerrotecnica sont la solution id\u00e9ale pour apporter chaleur, ambiance et design.\" \/>\n<meta name=\"robots\" content=\"index, follow, max-snippet:-1, max-image-preview:large, max-video-preview:-1\" \/>\n<link rel=\"canonical\" href=\"https:\/\/www.laferrotecnica.com\/fr\/braseros-de-jardin\/\" \/>\n<meta property=\"og:locale\" content=\"fr_FR\" \/>\n<meta property=\"og:type\" content=\"article\" \/>\n<meta property=\"og:title\" content=\"Braseros de jardin - LaFerrotecnica\" \/>\n<meta property=\"og:description\" content=\"Braseros de jardin. Les bras\u00e9ros de jardin LaFerrotecnica sont la solution id\u00e9ale pour apporter chaleur, ambiance et design.\" \/>\n<meta property=\"og:url\" content=\"https:\/\/www.laferrotecnica.com\/fr\/braseros-de-jardin\/\" \/>\n<meta property=\"og:site_name\" content=\"LaFerrotecnica\" \/>\n<meta property=\"article:publisher\" content=\"https:\/\/www.facebook.com\/profile.php?id=100091678810025\" \/>\n<meta property=\"article:published_time\" content=\"2025-03-19T08:17:07+00:00\" \/>\n<meta property=\"article:modified_time\" content=\"2025-06-19T09:01:31+00:00\" \/>\n<meta property=\"og:image\" content=\"https:\/\/www.laferrotecnica.com\/wp-content\/uploads\/2024\/10\/BQ154A-BQ155A.png\" \/>\n\t<meta property=\"og:image:width\" content=\"822\" \/>\n\t<meta property=\"og:image:height\" content=\"1000\" \/>\n\t<meta property=\"og:image:type\" content=\"image\/png\" \/>\n<meta name=\"author\" content=\"lapaoladellaferrotecnica\" \/>\n<meta name=\"twitter:card\" content=\"summary_large_image\" \/>\n<meta name=\"twitter:label1\" content=\"\u00c9crit par\" \/>\n\t<meta name=\"twitter:data1\" content=\"lapaoladellaferrotecnica\" \/>\n\t<meta name=\"twitter:label2\" content=\"Dur\u00e9e de lecture estim\u00e9e\" \/>\n\t<meta name=\"twitter:data2\" content=\"3 minutes\" \/>\n<script type=\"application\/ld+json\" class=\"yoast-schema-graph\">{\"@context\":\"https:\\\/\\\/schema.org\",\"@graph\":[{\"@type\":\"Article\",\"@id\":\"https:\\\/\\\/www.laferrotecnica.com\\\/fr\\\/braseros-de-jardin\\\/#article\",\"isPartOf\":{\"@id\":\"https:\\\/\\\/www.laferrotecnica.com\\\/fr\\\/braseros-de-jardin\\\/\"},\"author\":{\"name\":\"lapaoladellaferrotecnica\",\"@id\":\"https:\\\/\\\/www.laferrotecnica.com\\\/fr\\\/#\\\/schema\\\/person\\\/0803d3fb6504d3c3512b90b4f140afbe\"},\"headline\":\"Braseros de jardin\",\"datePublished\":\"2025-03-19T08:17:07+00:00\",\"dateModified\":\"2025-06-19T09:01:31+00:00\",\"mainEntityOfPage\":{\"@id\":\"https:\\\/\\\/www.laferrotecnica.com\\\/fr\\\/braseros-de-jardin\\\/\"},\"wordCount\":457,\"image\":{\"@id\":\"https:\\\/\\\/www.laferrotecnica.com\\\/fr\\\/braseros-de-jardin\\\/#primaryimage\"},\"thumbnailUrl\":\"https:\\\/\\\/www.laferrotecnica.com\\\/wp-content\\\/uploads\\\/2024\\\/10\\\/BQ154A-BQ155A.png\",\"articleSection\":[\"Non cat\u00e9goris\u00e9\"],\"inLanguage\":\"fr-FR\"},{\"@type\":\"WebPage\",\"@id\":\"https:\\\/\\\/www.laferrotecnica.com\\\/fr\\\/braseros-de-jardin\\\/\",\"url\":\"https:\\\/\\\/www.laferrotecnica.com\\\/fr\\\/braseros-de-jardin\\\/\",\"name\":\"Braseros de jardin - LaFerrotecnica\",\"isPartOf\":{\"@id\":\"https:\\\/\\\/www.laferrotecnica.com\\\/fr\\\/#website\"},\"primaryImageOfPage\":{\"@id\":\"https:\\\/\\\/www.laferrotecnica.com\\\/fr\\\/braseros-de-jardin\\\/#primaryimage\"},\"image\":{\"@id\":\"https:\\\/\\\/www.laferrotecnica.com\\\/fr\\\/braseros-de-jardin\\\/#primaryimage\"},\"thumbnailUrl\":\"https:\\\/\\\/www.laferrotecnica.com\\\/wp-content\\\/uploads\\\/2024\\\/10\\\/BQ154A-BQ155A.png\",\"datePublished\":\"2025-03-19T08:17:07+00:00\",\"dateModified\":\"2025-06-19T09:01:31+00:00\",\"author\":{\"@id\":\"https:\\\/\\\/www.laferrotecnica.com\\\/fr\\\/#\\\/schema\\\/person\\\/0803d3fb6504d3c3512b90b4f140afbe\"},\"description\":\"Braseros de jardin. Les bras\u00e9ros de jardin LaFerrotecnica sont la solution id\u00e9ale pour apporter chaleur, ambiance et design.\",\"breadcrumb\":{\"@id\":\"https:\\\/\\\/www.laferrotecnica.com\\\/fr\\\/braseros-de-jardin\\\/#breadcrumb\"},\"inLanguage\":\"fr-FR\",\"potentialAction\":[{\"@type\":\"ReadAction\",\"target\":[\"https:\\\/\\\/www.laferrotecnica.com\\\/fr\\\/braseros-de-jardin\\\/\"]}]},{\"@type\":\"ImageObject\",\"inLanguage\":\"fr-FR\",\"@id\":\"https:\\\/\\\/www.laferrotecnica.com\\\/fr\\\/braseros-de-jardin\\\/#primaryimage\",\"url\":\"https:\\\/\\\/www.laferrotecnica.com\\\/wp-content\\\/uploads\\\/2024\\\/10\\\/BQ154A-BQ155A.png\",\"contentUrl\":\"https:\\\/\\\/www.laferrotecnica.com\\\/wp-content\\\/uploads\\\/2024\\\/10\\\/BQ154A-BQ155A.png\",\"width\":822,\"height\":1000,\"caption\":\"Braseros de jardin - Barbecue compatto\"},{\"@type\":\"BreadcrumbList\",\"@id\":\"https:\\\/\\\/www.laferrotecnica.com\\\/fr\\\/braseros-de-jardin\\\/#breadcrumb\",\"itemListElement\":[{\"@type\":\"ListItem\",\"position\":1,\"name\":\"Home\",\"item\":\"https:\\\/\\\/www.laferrotecnica.com\\\/fr\\\/\"},{\"@type\":\"ListItem\",\"position\":2,\"name\":\"Braseros de jardin\"}]},{\"@type\":\"WebSite\",\"@id\":\"https:\\\/\\\/www.laferrotecnica.com\\\/fr\\\/#website\",\"url\":\"https:\\\/\\\/www.laferrotecnica.com\\\/fr\\\/\",\"name\":\"La Ferro Tecnica\",\"description\":\"Barbecue, bracieri per giardino e accessori per il caminetto\",\"potentialAction\":[{\"@type\":\"SearchAction\",\"target\":{\"@type\":\"EntryPoint\",\"urlTemplate\":\"https:\\\/\\\/www.laferrotecnica.com\\\/fr\\\/?s={search_term_string}\"},\"query-input\":{\"@type\":\"PropertyValueSpecification\",\"valueRequired\":true,\"valueName\":\"search_term_string\"}}],\"inLanguage\":\"fr-FR\"},{\"@type\":\"Person\",\"@id\":\"https:\\\/\\\/www.laferrotecnica.com\\\/fr\\\/#\\\/schema\\\/person\\\/0803d3fb6504d3c3512b90b4f140afbe\",\"name\":\"lapaoladellaferrotecnica\",\"image\":{\"@type\":\"ImageObject\",\"inLanguage\":\"fr-FR\",\"@id\":\"https:\\\/\\\/secure.gravatar.com\\\/avatar\\\/c2085d9be92331d62dc95e34c031de3e621a1f7c00cf69fb1806336a0f66bb04?s=96&d=mm&r=g\",\"url\":\"https:\\\/\\\/secure.gravatar.com\\\/avatar\\\/c2085d9be92331d62dc95e34c031de3e621a1f7c00cf69fb1806336a0f66bb04?s=96&d=mm&r=g\",\"contentUrl\":\"https:\\\/\\\/secure.gravatar.com\\\/avatar\\\/c2085d9be92331d62dc95e34c031de3e621a1f7c00cf69fb1806336a0f66bb04?s=96&d=mm&r=g\",\"caption\":\"lapaoladellaferrotecnica\"},\"url\":\"https:\\\/\\\/www.laferrotecnica.com\\\/fr\\\/author\\\/lapaoladellaferrotecnica\\\/\"}]}<\/script>\n<!-- \/ Yoast SEO plugin. -->","yoast_head_json":{"title":"Braseros de jardin - LaFerrotecnica","description":"Braseros de jardin. Les bras\u00e9ros de jardin LaFerrotecnica sont la solution id\u00e9ale pour apporter chaleur, ambiance et design.","robots":{"index":"index","follow":"follow","max-snippet":"max-snippet:-1","max-image-preview":"max-image-preview:large","max-video-preview":"max-video-preview:-1"},"canonical":"https:\/\/www.laferrotecnica.com\/fr\/braseros-de-jardin\/","og_locale":"fr_FR","og_type":"article","og_title":"Braseros de jardin - LaFerrotecnica","og_description":"Braseros de jardin. Les bras\u00e9ros de jardin LaFerrotecnica sont la solution id\u00e9ale pour apporter chaleur, ambiance et design.","og_url":"https:\/\/www.laferrotecnica.com\/fr\/braseros-de-jardin\/","og_site_name":"LaFerrotecnica","article_publisher":"https:\/\/www.facebook.com\/profile.php?id=100091678810025","article_published_time":"2025-03-19T08:17:07+00:00","article_modified_time":"2025-06-19T09:01:31+00:00","og_image":[{"width":822,"height":1000,"url":"https:\/\/www.laferrotecnica.com\/wp-content\/uploads\/2024\/10\/BQ154A-BQ155A.png","type":"image\/png"}],"author":"lapaoladellaferrotecnica","twitter_card":"summary_large_image","twitter_misc":{"\u00c9crit par":"lapaoladellaferrotecnica","Dur\u00e9e de lecture estim\u00e9e":"3 minutes"},"schema":{"@context":"https:\/\/schema.org","@graph":[{"@type":"Article","@id":"https:\/\/www.laferrotecnica.com\/fr\/braseros-de-jardin\/#article","isPartOf":{"@id":"https:\/\/www.laferrotecnica.com\/fr\/braseros-de-jardin\/"},"author":{"name":"lapaoladellaferrotecnica","@id":"https:\/\/www.laferrotecnica.com\/fr\/#\/schema\/person\/0803d3fb6504d3c3512b90b4f140afbe"},"headline":"Braseros de jardin","datePublished":"2025-03-19T08:17:07+00:00","dateModified":"2025-06-19T09:01:31+00:00","mainEntityOfPage":{"@id":"https:\/\/www.laferrotecnica.com\/fr\/braseros-de-jardin\/"},"wordCount":457,"image":{"@id":"https:\/\/www.laferrotecnica.com\/fr\/braseros-de-jardin\/#primaryimage"},"thumbnailUrl":"https:\/\/www.laferrotecnica.com\/wp-content\/uploads\/2024\/10\/BQ154A-BQ155A.png","articleSection":["Non cat\u00e9goris\u00e9"],"inLanguage":"fr-FR"},{"@type":"WebPage","@id":"https:\/\/www.laferrotecnica.com\/fr\/braseros-de-jardin\/","url":"https:\/\/www.laferrotecnica.com\/fr\/braseros-de-jardin\/","name":"Braseros de jardin - LaFerrotecnica","isPartOf":{"@id":"https:\/\/www.laferrotecnica.com\/fr\/#website"},"primaryImageOfPage":{"@id":"https:\/\/www.laferrotecnica.com\/fr\/braseros-de-jardin\/#primaryimage"},"image":{"@id":"https:\/\/www.laferrotecnica.com\/fr\/braseros-de-jardin\/#primaryimage"},"thumbnailUrl":"https:\/\/www.laferrotecnica.com\/wp-content\/uploads\/2024\/10\/BQ154A-BQ155A.png","datePublished":"2025-03-19T08:17:07+00:00","dateModified":"2025-06-19T09:01:31+00:00","author":{"@id":"https:\/\/www.laferrotecnica.com\/fr\/#\/schema\/person\/0803d3fb6504d3c3512b90b4f140afbe"},"description":"Braseros de jardin. Les bras\u00e9ros de jardin LaFerrotecnica sont la solution id\u00e9ale pour apporter chaleur, ambiance et design.","breadcrumb":{"@id":"https:\/\/www.laferrotecnica.com\/fr\/braseros-de-jardin\/#breadcrumb"},"inLanguage":"fr-FR","potentialAction":[{"@type":"ReadAction","target":["https:\/\/www.laferrotecnica.com\/fr\/braseros-de-jardin\/"]}]},{"@type":"ImageObject","inLanguage":"fr-FR","@id":"https:\/\/www.laferrotecnica.com\/fr\/braseros-de-jardin\/#primaryimage","url":"https:\/\/www.laferrotecnica.com\/wp-content\/uploads\/2024\/10\/BQ154A-BQ155A.png","contentUrl":"https:\/\/www.laferrotecnica.com\/wp-content\/uploads\/2024\/10\/BQ154A-BQ155A.png","width":822,"height":1000,"caption":"Braseros de jardin - Barbecue compatto"},{"@type":"BreadcrumbList","@id":"https:\/\/www.laferrotecnica.com\/fr\/braseros-de-jardin\/#breadcrumb","itemListElement":[{"@type":"ListItem","position":1,"name":"Home","item":"https:\/\/www.laferrotecnica.com\/fr\/"},{"@type":"ListItem","position":2,"name":"Braseros de jardin"}]},{"@type":"WebSite","@id":"https:\/\/www.laferrotecnica.com\/fr\/#website","url":"https:\/\/www.laferrotecnica.com\/fr\/","name":"La Ferro Tecnica","description":"Barbecue, bracieri per giardino e accessori per il caminetto","potentialAction":[{"@type":"SearchAction","target":{"@type":"EntryPoint","urlTemplate":"https:\/\/www.laferrotecnica.com\/fr\/?s={search_term_string}"},"query-input":{"@type":"PropertyValueSpecification","valueRequired":true,"valueName":"search_term_string"}}],"inLanguage":"fr-FR"},{"@type":"Person","@id":"https:\/\/www.laferrotecnica.com\/fr\/#\/schema\/person\/0803d3fb6504d3c3512b90b4f140afbe","name":"lapaoladellaferrotecnica","image":{"@type":"ImageObject","inLanguage":"fr-FR","@id":"https:\/\/secure.gravatar.com\/avatar\/c2085d9be92331d62dc95e34c031de3e621a1f7c00cf69fb1806336a0f66bb04?s=96&d=mm&r=g","url":"https:\/\/secure.gravatar.com\/avatar\/c2085d9be92331d62dc95e34c031de3e621a1f7c00cf69fb1806336a0f66bb04?s=96&d=mm&r=g","contentUrl":"https:\/\/secure.gravatar.com\/avatar\/c2085d9be92331d62dc95e34c031de3e621a1f7c00cf69fb1806336a0f66bb04?s=96&d=mm&r=g","caption":"lapaoladellaferrotecnica"},"url":"https:\/\/www.laferrotecnica.com\/fr\/author\/lapaoladellaferrotecnica\/"}]}},"_links":{"self":[{"href":"https:\/\/www.laferrotecnica.com\/fr\/wp-json\/wp\/v2\/posts\/2004","targetHints":{"allow":["GET"]}}],"collection":[{"href":"https:\/\/www.laferrotecnica.com\/fr\/wp-json\/wp\/v2\/posts"}],"about":[{"href":"https:\/\/www.laferrotecnica.com\/fr\/wp-json\/wp\/v2\/types\/post"}],"author":[{"embeddable":true,"href":"https:\/\/www.laferrotecnica.com\/fr\/wp-json\/wp\/v2\/users\/3"}],"replies":[{"embeddable":true,"href":"https:\/\/www.laferrotecnica.com\/fr\/wp-json\/wp\/v2\/comments?post=2004"}],"version-history":[{"count":2,"href":"https:\/\/www.laferrotecnica.com\/fr\/wp-json\/wp\/v2\/posts\/2004\/revisions"}],"predecessor-version":[{"id":2006,"href":"https:\/\/www.laferrotecnica.com\/fr\/wp-json\/wp\/v2\/posts\/2004\/revisions\/2006"}],"wp:featuredmedia":[{"embeddable":true,"href":"https:\/\/www.laferrotecnica.com\/fr\/wp-json\/wp\/v2\/media\/458"}],"wp:attachment":[{"href":"https:\/\/www.laferrotecnica.com\/fr\/wp-json\/wp\/v2\/media?parent=2004"}],"wp:term":[{"taxonomy":"category","embeddable":true,"href":"https:\/\/www.laferrotecnica.com\/fr\/wp-json\/wp\/v2\/categories?post=2004"},{"taxonomy":"post_tag","embeddable":true,"href":"https:\/\/www.laferrotecnica.com\/fr\/wp-json\/wp\/v2\/tags?post=2004"}],"curies":[{"name":"wp","href":"https:\/\/api.w.org\/{rel}","templated":true}]}}