{"id":1996,"date":"2025-03-20T10:03:39","date_gmt":"2025-03-20T09:03:39","guid":{"rendered":"https:\/\/www.laferrotecnica.com\/arredo-spazio-esterno\/"},"modified":"2025-06-19T10:42:59","modified_gmt":"2025-06-19T08:42:59","slug":"amenagement-despaces-exterieur","status":"publish","type":"post","link":"https:\/\/www.laferrotecnica.com\/fr\/amenagement-despaces-exterieur\/","title":{"rendered":"Am\u00e9nagement d&rsquo;espaces ext\u00e9rieur"},"content":{"rendered":"<h2>D\u00e9couvrez am\u00e9nagement d&rsquo;espaces ext\u00e9rieur LaFerrotecnica<\/h2>\n<p>Si vous souhaitez transformer votre espace ext\u00e9rieur en un environnement accueillant, \u00e9l\u00e9gant et fonctionnel, LaFerrotecnica est la r\u00e9f\u00e9rence en mati\u00e8re de solutions sur mesure de haute qualit\u00e9 avec am\u00e9nagement d&rsquo;espaces ext\u00e9rieur. Depuis plus de vingt ans, cette entreprise italienne cr\u00e9e des accessoires d&rsquo;ameublement uniques, alliant savoir-faire artisanal, innovation et mat\u00e9riaux r\u00e9sistants aux intemp\u00e9ries.<\/p>\n<p>Que vous souhaitiez cr\u00e9er un espace d\u00e9tente entour\u00e9 de verdure, un coin barbecue pour les soir\u00e9es d&rsquo;\u00e9t\u00e9 entre amis ou embellir votre jardin avec des jardini\u00e8res design, LaFerrotecnica propose une large gamme de produits en acier et en acier Corten, parfaits pour r\u00e9sister au temps sans sacrifier l&rsquo;esth\u00e9tique.<\/p>\n<h2>Pourquoi choisir LaFerrotecnica pour votre espace ext\u00e9rieur\u00a0?<\/h2>\n<p>Mat\u00e9riaux de haute qualit\u00e9 : nous utilisons de l&rsquo;acier, de l&rsquo;acier inoxydable et de l&rsquo;acier Corten, qui garantissent r\u00e9sistance, durabilit\u00e9 et un design exclusif. L&rsquo;acier Corten, en particulier, d\u00e9veloppe une patine naturelle au fil du temps qui prot\u00e8ge le mat\u00e9riau et lui conf\u00e8re un charme rustique et \u00e9l\u00e9gant.<br class=\"yoast-text-mark\" \/>Design et fonctionnalit\u00e9 : chaque produit est con\u00e7u pour sublimer votre jardin, terrasse ou patio, alliant esth\u00e9tique et praticit\u00e9.<br class=\"yoast-text-mark\" \/>Production 100 % Made in Italy : nos artisans hautement qualifi\u00e9s soignent chaque d\u00e9tail, garantissant des finitions de haute qualit\u00e9.<br class=\"yoast-text-mark\" \/>Nos lignes de mobilier d&rsquo;ext\u00e9rieur.<br \/>\nLigne Brace Viva : barbecues et braseros de jardin au design contemporain, parfaits pour ceux qui aiment cuisiner en plein air et cr\u00e9er une atmosph\u00e8re conviviale.<br \/>\nLigne Oasi Glamour : jardini\u00e8res et accessoires de mobilier d&rsquo;ext\u00e9rieur, parfaits pour ceux qui recherchent une touche de verdure \u00e0 l&rsquo;esth\u00e9tique raffin\u00e9e.<br \/>\nD\u00e9corez votre ext\u00e9rieur avec style<\/p>\n<p>Avec LaFerrotecnica, vous avez la possibilit\u00e9 d&rsquo;am\u00e9nager vos espaces ext\u00e9rieurs avec des solutions sur mesure, con\u00e7ues pour r\u00e9sister au temps et aux intemp\u00e9ries sans sacrifier l&rsquo;esth\u00e9tique et la fonctionnalit\u00e9. Que vous ayez un grand jardin, une terrasse ou un petit balcon, vous trouverez des produits adapt\u00e9s \u00e0 vos besoins.<\/p>\n<p>Visitez la section d\u00e9di\u00e9e pour d\u00e9couvrir toute la gamme de produits et laissez-vous inspirer par nos propositions.<\/p>\n","protected":false},"excerpt":{"rendered":"<p>D\u00e9couvrez am\u00e9nagement d&rsquo;espaces ext\u00e9rieur LaFerrotecnica Si vous souhaitez transformer votre espace ext\u00e9rieur en un environnement accueillant, \u00e9l\u00e9gant et fonctionnel, LaFerrotecnica [&hellip;]<\/p>\n","protected":false},"author":3,"featured_media":455,"comment_status":"closed","ping_status":"closed","sticky":false,"template":"","format":"standard","meta":{"_acf_changed":false,"inline_featured_image":false,"footnotes":""},"categories":[36],"tags":[],"class_list":["post-1996","post","type-post","status-publish","format-standard","has-post-thumbnail","hentry","category-non-categorise"],"acf":[],"yoast_head":"<!-- This site is optimized with the Yoast SEO plugin v27.5 - https:\/\/yoast.com\/product\/yoast-seo-wordpress\/ -->\n<title>Am\u00e9nagement d&#039;espaces ext\u00e9rieur - LaFerrotecnica<\/title>\n<meta name=\"description\" content=\"Am\u00e9nagement d&#039;espaces ext\u00e9rieur. Mobilier d&#039;ext\u00e9rieur alliant style et qualit\u00e9\u00a0: d\u00e9couvrez les solutions LaFerrotecnica.\" \/>\n<meta name=\"robots\" content=\"index, follow, max-snippet:-1, max-image-preview:large, max-video-preview:-1\" \/>\n<link rel=\"canonical\" href=\"https:\/\/www.laferrotecnica.com\/fr\/amenagement-despaces-exterieur\/\" \/>\n<meta property=\"og:locale\" content=\"fr_FR\" \/>\n<meta property=\"og:type\" content=\"article\" \/>\n<meta property=\"og:title\" content=\"Am\u00e9nagement d&#039;espaces ext\u00e9rieur - LaFerrotecnica\" \/>\n<meta property=\"og:description\" content=\"Am\u00e9nagement d&#039;espaces ext\u00e9rieur. Mobilier d&#039;ext\u00e9rieur alliant style et qualit\u00e9\u00a0: d\u00e9couvrez les solutions LaFerrotecnica.\" \/>\n<meta property=\"og:url\" content=\"https:\/\/www.laferrotecnica.com\/fr\/amenagement-despaces-exterieur\/\" \/>\n<meta property=\"og:site_name\" content=\"LaFerrotecnica\" \/>\n<meta property=\"article:publisher\" content=\"https:\/\/www.facebook.com\/profile.php?id=100091678810025\" \/>\n<meta property=\"article:published_time\" content=\"2025-03-20T09:03:39+00:00\" \/>\n<meta property=\"article:modified_time\" content=\"2025-06-19T08:42:59+00:00\" \/>\n<meta property=\"og:image\" content=\"https:\/\/www.laferrotecnica.com\/wp-content\/uploads\/2024\/10\/BQ137.png\" \/>\n\t<meta property=\"og:image:width\" content=\"670\" \/>\n\t<meta property=\"og:image:height\" content=\"1000\" \/>\n\t<meta property=\"og:image:type\" content=\"image\/png\" \/>\n<meta name=\"author\" content=\"lapaoladellaferrotecnica\" \/>\n<meta name=\"twitter:card\" content=\"summary_large_image\" \/>\n<meta name=\"twitter:label1\" content=\"\u00c9crit par\" \/>\n\t<meta name=\"twitter:data1\" content=\"lapaoladellaferrotecnica\" \/>\n\t<meta name=\"twitter:label2\" content=\"Dur\u00e9e de lecture estim\u00e9e\" \/>\n\t<meta name=\"twitter:data2\" content=\"2 minutes\" \/>\n<script type=\"application\/ld+json\" class=\"yoast-schema-graph\">{\"@context\":\"https:\\\/\\\/schema.org\",\"@graph\":[{\"@type\":\"Article\",\"@id\":\"https:\\\/\\\/www.laferrotecnica.com\\\/fr\\\/amenagement-despaces-exterieur\\\/#article\",\"isPartOf\":{\"@id\":\"https:\\\/\\\/www.laferrotecnica.com\\\/fr\\\/amenagement-despaces-exterieur\\\/\"},\"author\":{\"name\":\"lapaoladellaferrotecnica\",\"@id\":\"https:\\\/\\\/www.laferrotecnica.com\\\/fr\\\/#\\\/schema\\\/person\\\/0803d3fb6504d3c3512b90b4f140afbe\"},\"headline\":\"Am\u00e9nagement d&rsquo;espaces ext\u00e9rieur\",\"datePublished\":\"2025-03-20T09:03:39+00:00\",\"dateModified\":\"2025-06-19T08:42:59+00:00\",\"mainEntityOfPage\":{\"@id\":\"https:\\\/\\\/www.laferrotecnica.com\\\/fr\\\/amenagement-despaces-exterieur\\\/\"},\"wordCount\":386,\"image\":{\"@id\":\"https:\\\/\\\/www.laferrotecnica.com\\\/fr\\\/amenagement-despaces-exterieur\\\/#primaryimage\"},\"thumbnailUrl\":\"https:\\\/\\\/www.laferrotecnica.com\\\/wp-content\\\/uploads\\\/2024\\\/10\\\/BQ137.png\",\"articleSection\":[\"Non cat\u00e9goris\u00e9\"],\"inLanguage\":\"fr-FR\"},{\"@type\":\"WebPage\",\"@id\":\"https:\\\/\\\/www.laferrotecnica.com\\\/fr\\\/amenagement-despaces-exterieur\\\/\",\"url\":\"https:\\\/\\\/www.laferrotecnica.com\\\/fr\\\/amenagement-despaces-exterieur\\\/\",\"name\":\"Am\u00e9nagement d'espaces ext\u00e9rieur - LaFerrotecnica\",\"isPartOf\":{\"@id\":\"https:\\\/\\\/www.laferrotecnica.com\\\/fr\\\/#website\"},\"primaryImageOfPage\":{\"@id\":\"https:\\\/\\\/www.laferrotecnica.com\\\/fr\\\/amenagement-despaces-exterieur\\\/#primaryimage\"},\"image\":{\"@id\":\"https:\\\/\\\/www.laferrotecnica.com\\\/fr\\\/amenagement-despaces-exterieur\\\/#primaryimage\"},\"thumbnailUrl\":\"https:\\\/\\\/www.laferrotecnica.com\\\/wp-content\\\/uploads\\\/2024\\\/10\\\/BQ137.png\",\"datePublished\":\"2025-03-20T09:03:39+00:00\",\"dateModified\":\"2025-06-19T08:42:59+00:00\",\"author\":{\"@id\":\"https:\\\/\\\/www.laferrotecnica.com\\\/fr\\\/#\\\/schema\\\/person\\\/0803d3fb6504d3c3512b90b4f140afbe\"},\"description\":\"Am\u00e9nagement d'espaces ext\u00e9rieur. Mobilier d'ext\u00e9rieur alliant style et qualit\u00e9\u00a0: d\u00e9couvrez les solutions LaFerrotecnica.\",\"breadcrumb\":{\"@id\":\"https:\\\/\\\/www.laferrotecnica.com\\\/fr\\\/amenagement-despaces-exterieur\\\/#breadcrumb\"},\"inLanguage\":\"fr-FR\",\"potentialAction\":[{\"@type\":\"ReadAction\",\"target\":[\"https:\\\/\\\/www.laferrotecnica.com\\\/fr\\\/amenagement-despaces-exterieur\\\/\"]}]},{\"@type\":\"ImageObject\",\"inLanguage\":\"fr-FR\",\"@id\":\"https:\\\/\\\/www.laferrotecnica.com\\\/fr\\\/amenagement-despaces-exterieur\\\/#primaryimage\",\"url\":\"https:\\\/\\\/www.laferrotecnica.com\\\/wp-content\\\/uploads\\\/2024\\\/10\\\/BQ137.png\",\"contentUrl\":\"https:\\\/\\\/www.laferrotecnica.com\\\/wp-content\\\/uploads\\\/2024\\\/10\\\/BQ137.png\",\"width\":670,\"height\":1000,\"caption\":\"Quale barbecue \u00e8 meglio? - Am\u00e9nagement d'espaces ext\u00e9rieur - Barbecue portable\"},{\"@type\":\"BreadcrumbList\",\"@id\":\"https:\\\/\\\/www.laferrotecnica.com\\\/fr\\\/amenagement-despaces-exterieur\\\/#breadcrumb\",\"itemListElement\":[{\"@type\":\"ListItem\",\"position\":1,\"name\":\"Home\",\"item\":\"https:\\\/\\\/www.laferrotecnica.com\\\/fr\\\/\"},{\"@type\":\"ListItem\",\"position\":2,\"name\":\"Am\u00e9nagement d&#8217;espaces ext\u00e9rieur\"}]},{\"@type\":\"WebSite\",\"@id\":\"https:\\\/\\\/www.laferrotecnica.com\\\/fr\\\/#website\",\"url\":\"https:\\\/\\\/www.laferrotecnica.com\\\/fr\\\/\",\"name\":\"La Ferro Tecnica\",\"description\":\"Barbecue, bracieri per giardino e accessori per il caminetto\",\"potentialAction\":[{\"@type\":\"SearchAction\",\"target\":{\"@type\":\"EntryPoint\",\"urlTemplate\":\"https:\\\/\\\/www.laferrotecnica.com\\\/fr\\\/?s={search_term_string}\"},\"query-input\":{\"@type\":\"PropertyValueSpecification\",\"valueRequired\":true,\"valueName\":\"search_term_string\"}}],\"inLanguage\":\"fr-FR\"},{\"@type\":\"Person\",\"@id\":\"https:\\\/\\\/www.laferrotecnica.com\\\/fr\\\/#\\\/schema\\\/person\\\/0803d3fb6504d3c3512b90b4f140afbe\",\"name\":\"lapaoladellaferrotecnica\",\"image\":{\"@type\":\"ImageObject\",\"inLanguage\":\"fr-FR\",\"@id\":\"https:\\\/\\\/secure.gravatar.com\\\/avatar\\\/c2085d9be92331d62dc95e34c031de3e621a1f7c00cf69fb1806336a0f66bb04?s=96&d=mm&r=g\",\"url\":\"https:\\\/\\\/secure.gravatar.com\\\/avatar\\\/c2085d9be92331d62dc95e34c031de3e621a1f7c00cf69fb1806336a0f66bb04?s=96&d=mm&r=g\",\"contentUrl\":\"https:\\\/\\\/secure.gravatar.com\\\/avatar\\\/c2085d9be92331d62dc95e34c031de3e621a1f7c00cf69fb1806336a0f66bb04?s=96&d=mm&r=g\",\"caption\":\"lapaoladellaferrotecnica\"},\"url\":\"https:\\\/\\\/www.laferrotecnica.com\\\/fr\\\/author\\\/lapaoladellaferrotecnica\\\/\"}]}<\/script>\n<!-- \/ Yoast SEO plugin. -->","yoast_head_json":{"title":"Am\u00e9nagement d'espaces ext\u00e9rieur - LaFerrotecnica","description":"Am\u00e9nagement d'espaces ext\u00e9rieur. Mobilier d'ext\u00e9rieur alliant style et qualit\u00e9\u00a0: d\u00e9couvrez les solutions LaFerrotecnica.","robots":{"index":"index","follow":"follow","max-snippet":"max-snippet:-1","max-image-preview":"max-image-preview:large","max-video-preview":"max-video-preview:-1"},"canonical":"https:\/\/www.laferrotecnica.com\/fr\/amenagement-despaces-exterieur\/","og_locale":"fr_FR","og_type":"article","og_title":"Am\u00e9nagement d'espaces ext\u00e9rieur - LaFerrotecnica","og_description":"Am\u00e9nagement d'espaces ext\u00e9rieur. Mobilier d'ext\u00e9rieur alliant style et qualit\u00e9\u00a0: d\u00e9couvrez les solutions LaFerrotecnica.","og_url":"https:\/\/www.laferrotecnica.com\/fr\/amenagement-despaces-exterieur\/","og_site_name":"LaFerrotecnica","article_publisher":"https:\/\/www.facebook.com\/profile.php?id=100091678810025","article_published_time":"2025-03-20T09:03:39+00:00","article_modified_time":"2025-06-19T08:42:59+00:00","og_image":[{"width":670,"height":1000,"url":"https:\/\/www.laferrotecnica.com\/wp-content\/uploads\/2024\/10\/BQ137.png","type":"image\/png"}],"author":"lapaoladellaferrotecnica","twitter_card":"summary_large_image","twitter_misc":{"\u00c9crit par":"lapaoladellaferrotecnica","Dur\u00e9e de lecture estim\u00e9e":"2 minutes"},"schema":{"@context":"https:\/\/schema.org","@graph":[{"@type":"Article","@id":"https:\/\/www.laferrotecnica.com\/fr\/amenagement-despaces-exterieur\/#article","isPartOf":{"@id":"https:\/\/www.laferrotecnica.com\/fr\/amenagement-despaces-exterieur\/"},"author":{"name":"lapaoladellaferrotecnica","@id":"https:\/\/www.laferrotecnica.com\/fr\/#\/schema\/person\/0803d3fb6504d3c3512b90b4f140afbe"},"headline":"Am\u00e9nagement d&rsquo;espaces ext\u00e9rieur","datePublished":"2025-03-20T09:03:39+00:00","dateModified":"2025-06-19T08:42:59+00:00","mainEntityOfPage":{"@id":"https:\/\/www.laferrotecnica.com\/fr\/amenagement-despaces-exterieur\/"},"wordCount":386,"image":{"@id":"https:\/\/www.laferrotecnica.com\/fr\/amenagement-despaces-exterieur\/#primaryimage"},"thumbnailUrl":"https:\/\/www.laferrotecnica.com\/wp-content\/uploads\/2024\/10\/BQ137.png","articleSection":["Non cat\u00e9goris\u00e9"],"inLanguage":"fr-FR"},{"@type":"WebPage","@id":"https:\/\/www.laferrotecnica.com\/fr\/amenagement-despaces-exterieur\/","url":"https:\/\/www.laferrotecnica.com\/fr\/amenagement-despaces-exterieur\/","name":"Am\u00e9nagement d'espaces ext\u00e9rieur - LaFerrotecnica","isPartOf":{"@id":"https:\/\/www.laferrotecnica.com\/fr\/#website"},"primaryImageOfPage":{"@id":"https:\/\/www.laferrotecnica.com\/fr\/amenagement-despaces-exterieur\/#primaryimage"},"image":{"@id":"https:\/\/www.laferrotecnica.com\/fr\/amenagement-despaces-exterieur\/#primaryimage"},"thumbnailUrl":"https:\/\/www.laferrotecnica.com\/wp-content\/uploads\/2024\/10\/BQ137.png","datePublished":"2025-03-20T09:03:39+00:00","dateModified":"2025-06-19T08:42:59+00:00","author":{"@id":"https:\/\/www.laferrotecnica.com\/fr\/#\/schema\/person\/0803d3fb6504d3c3512b90b4f140afbe"},"description":"Am\u00e9nagement d'espaces ext\u00e9rieur. Mobilier d'ext\u00e9rieur alliant style et qualit\u00e9\u00a0: d\u00e9couvrez les solutions LaFerrotecnica.","breadcrumb":{"@id":"https:\/\/www.laferrotecnica.com\/fr\/amenagement-despaces-exterieur\/#breadcrumb"},"inLanguage":"fr-FR","potentialAction":[{"@type":"ReadAction","target":["https:\/\/www.laferrotecnica.com\/fr\/amenagement-despaces-exterieur\/"]}]},{"@type":"ImageObject","inLanguage":"fr-FR","@id":"https:\/\/www.laferrotecnica.com\/fr\/amenagement-despaces-exterieur\/#primaryimage","url":"https:\/\/www.laferrotecnica.com\/wp-content\/uploads\/2024\/10\/BQ137.png","contentUrl":"https:\/\/www.laferrotecnica.com\/wp-content\/uploads\/2024\/10\/BQ137.png","width":670,"height":1000,"caption":"Quale barbecue \u00e8 meglio? - Am\u00e9nagement d'espaces ext\u00e9rieur - Barbecue portable"},{"@type":"BreadcrumbList","@id":"https:\/\/www.laferrotecnica.com\/fr\/amenagement-despaces-exterieur\/#breadcrumb","itemListElement":[{"@type":"ListItem","position":1,"name":"Home","item":"https:\/\/www.laferrotecnica.com\/fr\/"},{"@type":"ListItem","position":2,"name":"Am\u00e9nagement d&#8217;espaces ext\u00e9rieur"}]},{"@type":"WebSite","@id":"https:\/\/www.laferrotecnica.com\/fr\/#website","url":"https:\/\/www.laferrotecnica.com\/fr\/","name":"La Ferro Tecnica","description":"Barbecue, bracieri per giardino e accessori per il caminetto","potentialAction":[{"@type":"SearchAction","target":{"@type":"EntryPoint","urlTemplate":"https:\/\/www.laferrotecnica.com\/fr\/?s={search_term_string}"},"query-input":{"@type":"PropertyValueSpecification","valueRequired":true,"valueName":"search_term_string"}}],"inLanguage":"fr-FR"},{"@type":"Person","@id":"https:\/\/www.laferrotecnica.com\/fr\/#\/schema\/person\/0803d3fb6504d3c3512b90b4f140afbe","name":"lapaoladellaferrotecnica","image":{"@type":"ImageObject","inLanguage":"fr-FR","@id":"https:\/\/secure.gravatar.com\/avatar\/c2085d9be92331d62dc95e34c031de3e621a1f7c00cf69fb1806336a0f66bb04?s=96&d=mm&r=g","url":"https:\/\/secure.gravatar.com\/avatar\/c2085d9be92331d62dc95e34c031de3e621a1f7c00cf69fb1806336a0f66bb04?s=96&d=mm&r=g","contentUrl":"https:\/\/secure.gravatar.com\/avatar\/c2085d9be92331d62dc95e34c031de3e621a1f7c00cf69fb1806336a0f66bb04?s=96&d=mm&r=g","caption":"lapaoladellaferrotecnica"},"url":"https:\/\/www.laferrotecnica.com\/fr\/author\/lapaoladellaferrotecnica\/"}]}},"_links":{"self":[{"href":"https:\/\/www.laferrotecnica.com\/fr\/wp-json\/wp\/v2\/posts\/1996","targetHints":{"allow":["GET"]}}],"collection":[{"href":"https:\/\/www.laferrotecnica.com\/fr\/wp-json\/wp\/v2\/posts"}],"about":[{"href":"https:\/\/www.laferrotecnica.com\/fr\/wp-json\/wp\/v2\/types\/post"}],"author":[{"embeddable":true,"href":"https:\/\/www.laferrotecnica.com\/fr\/wp-json\/wp\/v2\/users\/3"}],"replies":[{"embeddable":true,"href":"https:\/\/www.laferrotecnica.com\/fr\/wp-json\/wp\/v2\/comments?post=1996"}],"version-history":[{"count":2,"href":"https:\/\/www.laferrotecnica.com\/fr\/wp-json\/wp\/v2\/posts\/1996\/revisions"}],"predecessor-version":[{"id":1998,"href":"https:\/\/www.laferrotecnica.com\/fr\/wp-json\/wp\/v2\/posts\/1996\/revisions\/1998"}],"wp:featuredmedia":[{"embeddable":true,"href":"https:\/\/www.laferrotecnica.com\/fr\/wp-json\/wp\/v2\/media\/455"}],"wp:attachment":[{"href":"https:\/\/www.laferrotecnica.com\/fr\/wp-json\/wp\/v2\/media?parent=1996"}],"wp:term":[{"taxonomy":"category","embeddable":true,"href":"https:\/\/www.laferrotecnica.com\/fr\/wp-json\/wp\/v2\/categories?post=1996"},{"taxonomy":"post_tag","embeddable":true,"href":"https:\/\/www.laferrotecnica.com\/fr\/wp-json\/wp\/v2\/tags?post=1996"}],"curies":[{"name":"wp","href":"https:\/\/api.w.org\/{rel}","templated":true}]}}