{"id":1992,"date":"2025-03-20T10:25:17","date_gmt":"2025-03-20T09:25:17","guid":{"rendered":"https:\/\/www.laferrotecnica.com\/arredamento-ristorante-esterno\/"},"modified":"2025-06-19T09:09:03","modified_gmt":"2025-06-19T07:09:03","slug":"mobilier-dexterieur","status":"publish","type":"post","link":"https:\/\/www.laferrotecnica.com\/fr\/mobilier-dexterieur\/","title":{"rendered":"mobilier d&rsquo;ext\u00e9rieur"},"content":{"rendered":"<h2>Barbecues design et solutions exclusives avec LaFerrotecnica<\/h2>\n<p>Pour rendre l&rsquo;espace ext\u00e9rieur de votre restaurant unique, LaFerrotecnica propose des solutions de mobilier d&rsquo;ext\u00e9rieur alliant \u00e9l\u00e9gance, fonctionnalit\u00e9 et mat\u00e9riaux de haute qualit\u00e9. Des braseros professionnels aux barbecues design personnalisables, chaque \u00e9l\u00e9ment est con\u00e7u pour sublimer l&rsquo;espace et garantir une exp\u00e9rience exclusive \u00e0 vos convives.<\/p>\n<h2>Barbecues professionnels pour restaurants\u00a0: \u00e9l\u00e9gance et grande capacit\u00e9<\/h2>\n<p>Pour ceux qui recherchent un espace de cuisson ext\u00e9rieur \u00e0 la fois esth\u00e9tique et pratique, LaFerrotecnica propose\u00a0:<\/p>\n<p>Barbecues avec brasero de 100\u00a0cm\u00a0: parfaits pour accueillir un grand nombre de convives, ces braseros sont con\u00e7us pour garantir une cuisson uniforme, une r\u00e9sistance et une facilit\u00e9 d&rsquo;utilisation, ce qui les rend parfaits pour les restaurants et les \u00e9tablissements disposant d&rsquo;espaces ext\u00e9rieurs d\u00e9di\u00e9s \u00e0 la restauration.<\/p>\n<p>Barbecue WOW\u00a0: design Antonio Lanzillo\u00a0: un v\u00e9ritable \u00e9l\u00e9ment de style qui transforme les repas en plein air en une exp\u00e9rience inoubliable. Le barbecue WOW, con\u00e7u par le c\u00e9l\u00e8bre designer Antonio Lanzillo, allie esth\u00e9tique contemporaine et fonctionnalit\u00e9 optimale. De plus, il est personnalisable avec des gravures exclusives et le logo de votre restaurant ou \u00e9tablissement, ce qui en fait un \u00e9l\u00e9ment distinctif de votre \u00e9tablissement.<\/p>\n<h2>Pourquoi choisir LaFerrotecnica pour votre mobilier d&rsquo;ext\u00e9rieur\u00a0?<\/h2>\n<p>Mat\u00e9riaux haut de gamme\u00a0: acier inoxydable et acier Corten, r\u00e9sistants aux intemp\u00e9ries et au design exclusif.<br \/>\nProduction 100\u00a0% Made in Italy\u00a0: savoir-faire et innovation s&rsquo;allient pour offrir des produits de la plus haute qualit\u00e9.<br \/>\nPersonnalisation\u00a0: possibilit\u00e9 d&rsquo;adapter les produits au concept de votre \u00e9tablissement, avec des gravures et des logos exclusifs.<\/p>\n<p>Autres accessoires d&rsquo;ameublement pour votre espace ext\u00e9rieur<br \/>\nJardini\u00e8res et s\u00e9parateurs en acier Corten pour cr\u00e9er des environnements priv\u00e9s et \u00e9l\u00e9gants.<br \/>\nBraseros de jardin pour une atmosph\u00e8re raffin\u00e9e et accueillante.<\/p>\n<p>Gr\u00e2ce \u00e0 LaFerrotecnica, transformez votre restaurant en plein air en un lieu exclusif, o\u00f9 design et hospitalit\u00e9 se marient pour offrir une exp\u00e9rience unique \u00e0 vos clients.<\/p>\n","protected":false},"excerpt":{"rendered":"<p>Barbecues design et solutions exclusives avec LaFerrotecnica Pour rendre l&rsquo;espace ext\u00e9rieur de votre restaurant unique, LaFerrotecnica propose des solutions de [&hellip;]<\/p>\n","protected":false},"author":3,"featured_media":460,"comment_status":"closed","ping_status":"closed","sticky":false,"template":"","format":"standard","meta":{"_acf_changed":false,"inline_featured_image":false,"footnotes":""},"categories":[36],"tags":[],"class_list":["post-1992","post","type-post","status-publish","format-standard","has-post-thumbnail","hentry","category-non-categorise"],"acf":[],"yoast_head":"<!-- This site is optimized with the Yoast SEO plugin v27.5 - https:\/\/yoast.com\/product\/yoast-seo-wordpress\/ -->\n<title>mobilier d&#039;ext\u00e9rieur - LaFerrotecnica<\/title>\n<meta name=\"description\" content=\"Gr\u00e2ce \u00e0 LaFerrotecnica, transformez votre restaurant ext\u00e9rieur en un lieu exclusif avec mobilier d&#039;ext\u00e9rieur.\" \/>\n<meta name=\"robots\" content=\"index, follow, max-snippet:-1, max-image-preview:large, max-video-preview:-1\" \/>\n<link rel=\"canonical\" href=\"https:\/\/www.laferrotecnica.com\/fr\/mobilier-dexterieur\/\" \/>\n<meta property=\"og:locale\" content=\"fr_FR\" \/>\n<meta property=\"og:type\" content=\"article\" \/>\n<meta property=\"og:title\" content=\"mobilier d&#039;ext\u00e9rieur - LaFerrotecnica\" \/>\n<meta property=\"og:description\" content=\"Gr\u00e2ce \u00e0 LaFerrotecnica, transformez votre restaurant ext\u00e9rieur en un lieu exclusif avec mobilier d&#039;ext\u00e9rieur.\" \/>\n<meta property=\"og:url\" content=\"https:\/\/www.laferrotecnica.com\/fr\/mobilier-dexterieur\/\" \/>\n<meta property=\"og:site_name\" content=\"LaFerrotecnica\" \/>\n<meta property=\"article:publisher\" content=\"https:\/\/www.facebook.com\/profile.php?id=100091678810025\" \/>\n<meta property=\"article:published_time\" content=\"2025-03-20T09:25:17+00:00\" \/>\n<meta property=\"article:modified_time\" content=\"2025-06-19T07:09:03+00:00\" \/>\n<meta property=\"og:image\" content=\"https:\/\/www.laferrotecnica.com\/wp-content\/uploads\/2024\/10\/BQ177A.png\" \/>\n\t<meta property=\"og:image:width\" content=\"715\" \/>\n\t<meta property=\"og:image:height\" content=\"703\" \/>\n\t<meta property=\"og:image:type\" content=\"image\/png\" \/>\n<meta name=\"author\" content=\"lapaoladellaferrotecnica\" \/>\n<meta name=\"twitter:card\" content=\"summary_large_image\" \/>\n<meta name=\"twitter:label1\" content=\"\u00c9crit par\" \/>\n\t<meta name=\"twitter:data1\" content=\"lapaoladellaferrotecnica\" \/>\n\t<meta name=\"twitter:label2\" content=\"Dur\u00e9e de lecture estim\u00e9e\" \/>\n\t<meta name=\"twitter:data2\" content=\"2 minutes\" \/>\n<script type=\"application\/ld+json\" class=\"yoast-schema-graph\">{\"@context\":\"https:\\\/\\\/schema.org\",\"@graph\":[{\"@type\":\"Article\",\"@id\":\"https:\\\/\\\/www.laferrotecnica.com\\\/fr\\\/mobilier-dexterieur\\\/#article\",\"isPartOf\":{\"@id\":\"https:\\\/\\\/www.laferrotecnica.com\\\/fr\\\/mobilier-dexterieur\\\/\"},\"author\":{\"name\":\"lapaoladellaferrotecnica\",\"@id\":\"https:\\\/\\\/www.laferrotecnica.com\\\/fr\\\/#\\\/schema\\\/person\\\/0803d3fb6504d3c3512b90b4f140afbe\"},\"headline\":\"mobilier d&rsquo;ext\u00e9rieur\",\"datePublished\":\"2025-03-20T09:25:17+00:00\",\"dateModified\":\"2025-06-19T07:09:03+00:00\",\"mainEntityOfPage\":{\"@id\":\"https:\\\/\\\/www.laferrotecnica.com\\\/fr\\\/mobilier-dexterieur\\\/\"},\"wordCount\":345,\"image\":{\"@id\":\"https:\\\/\\\/www.laferrotecnica.com\\\/fr\\\/mobilier-dexterieur\\\/#primaryimage\"},\"thumbnailUrl\":\"https:\\\/\\\/www.laferrotecnica.com\\\/wp-content\\\/uploads\\\/2024\\\/10\\\/BQ177A.png\",\"articleSection\":[\"Non cat\u00e9goris\u00e9\"],\"inLanguage\":\"fr-FR\"},{\"@type\":\"WebPage\",\"@id\":\"https:\\\/\\\/www.laferrotecnica.com\\\/fr\\\/mobilier-dexterieur\\\/\",\"url\":\"https:\\\/\\\/www.laferrotecnica.com\\\/fr\\\/mobilier-dexterieur\\\/\",\"name\":\"mobilier d'ext\u00e9rieur - LaFerrotecnica\",\"isPartOf\":{\"@id\":\"https:\\\/\\\/www.laferrotecnica.com\\\/fr\\\/#website\"},\"primaryImageOfPage\":{\"@id\":\"https:\\\/\\\/www.laferrotecnica.com\\\/fr\\\/mobilier-dexterieur\\\/#primaryimage\"},\"image\":{\"@id\":\"https:\\\/\\\/www.laferrotecnica.com\\\/fr\\\/mobilier-dexterieur\\\/#primaryimage\"},\"thumbnailUrl\":\"https:\\\/\\\/www.laferrotecnica.com\\\/wp-content\\\/uploads\\\/2024\\\/10\\\/BQ177A.png\",\"datePublished\":\"2025-03-20T09:25:17+00:00\",\"dateModified\":\"2025-06-19T07:09:03+00:00\",\"author\":{\"@id\":\"https:\\\/\\\/www.laferrotecnica.com\\\/fr\\\/#\\\/schema\\\/person\\\/0803d3fb6504d3c3512b90b4f140afbe\"},\"description\":\"Gr\u00e2ce \u00e0 LaFerrotecnica, transformez votre restaurant ext\u00e9rieur en un lieu exclusif avec mobilier d'ext\u00e9rieur.\",\"breadcrumb\":{\"@id\":\"https:\\\/\\\/www.laferrotecnica.com\\\/fr\\\/mobilier-dexterieur\\\/#breadcrumb\"},\"inLanguage\":\"fr-FR\",\"potentialAction\":[{\"@type\":\"ReadAction\",\"target\":[\"https:\\\/\\\/www.laferrotecnica.com\\\/fr\\\/mobilier-dexterieur\\\/\"]}]},{\"@type\":\"ImageObject\",\"inLanguage\":\"fr-FR\",\"@id\":\"https:\\\/\\\/www.laferrotecnica.com\\\/fr\\\/mobilier-dexterieur\\\/#primaryimage\",\"url\":\"https:\\\/\\\/www.laferrotecnica.com\\\/wp-content\\\/uploads\\\/2024\\\/10\\\/BQ177A.png\",\"contentUrl\":\"https:\\\/\\\/www.laferrotecnica.com\\\/wp-content\\\/uploads\\\/2024\\\/10\\\/BQ177A.png\",\"width\":715,\"height\":703,\"caption\":\"mobilier d'ext\u00e9rieur - Griglia portatile - Portable Grill\"},{\"@type\":\"BreadcrumbList\",\"@id\":\"https:\\\/\\\/www.laferrotecnica.com\\\/fr\\\/mobilier-dexterieur\\\/#breadcrumb\",\"itemListElement\":[{\"@type\":\"ListItem\",\"position\":1,\"name\":\"Home\",\"item\":\"https:\\\/\\\/www.laferrotecnica.com\\\/fr\\\/\"},{\"@type\":\"ListItem\",\"position\":2,\"name\":\"mobilier d&#8217;ext\u00e9rieur\"}]},{\"@type\":\"WebSite\",\"@id\":\"https:\\\/\\\/www.laferrotecnica.com\\\/fr\\\/#website\",\"url\":\"https:\\\/\\\/www.laferrotecnica.com\\\/fr\\\/\",\"name\":\"La Ferro Tecnica\",\"description\":\"Barbecue, bracieri per giardino e accessori per il caminetto\",\"potentialAction\":[{\"@type\":\"SearchAction\",\"target\":{\"@type\":\"EntryPoint\",\"urlTemplate\":\"https:\\\/\\\/www.laferrotecnica.com\\\/fr\\\/?s={search_term_string}\"},\"query-input\":{\"@type\":\"PropertyValueSpecification\",\"valueRequired\":true,\"valueName\":\"search_term_string\"}}],\"inLanguage\":\"fr-FR\"},{\"@type\":\"Person\",\"@id\":\"https:\\\/\\\/www.laferrotecnica.com\\\/fr\\\/#\\\/schema\\\/person\\\/0803d3fb6504d3c3512b90b4f140afbe\",\"name\":\"lapaoladellaferrotecnica\",\"image\":{\"@type\":\"ImageObject\",\"inLanguage\":\"fr-FR\",\"@id\":\"https:\\\/\\\/secure.gravatar.com\\\/avatar\\\/c2085d9be92331d62dc95e34c031de3e621a1f7c00cf69fb1806336a0f66bb04?s=96&d=mm&r=g\",\"url\":\"https:\\\/\\\/secure.gravatar.com\\\/avatar\\\/c2085d9be92331d62dc95e34c031de3e621a1f7c00cf69fb1806336a0f66bb04?s=96&d=mm&r=g\",\"contentUrl\":\"https:\\\/\\\/secure.gravatar.com\\\/avatar\\\/c2085d9be92331d62dc95e34c031de3e621a1f7c00cf69fb1806336a0f66bb04?s=96&d=mm&r=g\",\"caption\":\"lapaoladellaferrotecnica\"},\"url\":\"https:\\\/\\\/www.laferrotecnica.com\\\/fr\\\/author\\\/lapaoladellaferrotecnica\\\/\"}]}<\/script>\n<!-- \/ Yoast SEO plugin. -->","yoast_head_json":{"title":"mobilier d'ext\u00e9rieur - LaFerrotecnica","description":"Gr\u00e2ce \u00e0 LaFerrotecnica, transformez votre restaurant ext\u00e9rieur en un lieu exclusif avec mobilier d'ext\u00e9rieur.","robots":{"index":"index","follow":"follow","max-snippet":"max-snippet:-1","max-image-preview":"max-image-preview:large","max-video-preview":"max-video-preview:-1"},"canonical":"https:\/\/www.laferrotecnica.com\/fr\/mobilier-dexterieur\/","og_locale":"fr_FR","og_type":"article","og_title":"mobilier d'ext\u00e9rieur - LaFerrotecnica","og_description":"Gr\u00e2ce \u00e0 LaFerrotecnica, transformez votre restaurant ext\u00e9rieur en un lieu exclusif avec mobilier d'ext\u00e9rieur.","og_url":"https:\/\/www.laferrotecnica.com\/fr\/mobilier-dexterieur\/","og_site_name":"LaFerrotecnica","article_publisher":"https:\/\/www.facebook.com\/profile.php?id=100091678810025","article_published_time":"2025-03-20T09:25:17+00:00","article_modified_time":"2025-06-19T07:09:03+00:00","og_image":[{"width":715,"height":703,"url":"https:\/\/www.laferrotecnica.com\/wp-content\/uploads\/2024\/10\/BQ177A.png","type":"image\/png"}],"author":"lapaoladellaferrotecnica","twitter_card":"summary_large_image","twitter_misc":{"\u00c9crit par":"lapaoladellaferrotecnica","Dur\u00e9e de lecture estim\u00e9e":"2 minutes"},"schema":{"@context":"https:\/\/schema.org","@graph":[{"@type":"Article","@id":"https:\/\/www.laferrotecnica.com\/fr\/mobilier-dexterieur\/#article","isPartOf":{"@id":"https:\/\/www.laferrotecnica.com\/fr\/mobilier-dexterieur\/"},"author":{"name":"lapaoladellaferrotecnica","@id":"https:\/\/www.laferrotecnica.com\/fr\/#\/schema\/person\/0803d3fb6504d3c3512b90b4f140afbe"},"headline":"mobilier d&rsquo;ext\u00e9rieur","datePublished":"2025-03-20T09:25:17+00:00","dateModified":"2025-06-19T07:09:03+00:00","mainEntityOfPage":{"@id":"https:\/\/www.laferrotecnica.com\/fr\/mobilier-dexterieur\/"},"wordCount":345,"image":{"@id":"https:\/\/www.laferrotecnica.com\/fr\/mobilier-dexterieur\/#primaryimage"},"thumbnailUrl":"https:\/\/www.laferrotecnica.com\/wp-content\/uploads\/2024\/10\/BQ177A.png","articleSection":["Non cat\u00e9goris\u00e9"],"inLanguage":"fr-FR"},{"@type":"WebPage","@id":"https:\/\/www.laferrotecnica.com\/fr\/mobilier-dexterieur\/","url":"https:\/\/www.laferrotecnica.com\/fr\/mobilier-dexterieur\/","name":"mobilier d'ext\u00e9rieur - LaFerrotecnica","isPartOf":{"@id":"https:\/\/www.laferrotecnica.com\/fr\/#website"},"primaryImageOfPage":{"@id":"https:\/\/www.laferrotecnica.com\/fr\/mobilier-dexterieur\/#primaryimage"},"image":{"@id":"https:\/\/www.laferrotecnica.com\/fr\/mobilier-dexterieur\/#primaryimage"},"thumbnailUrl":"https:\/\/www.laferrotecnica.com\/wp-content\/uploads\/2024\/10\/BQ177A.png","datePublished":"2025-03-20T09:25:17+00:00","dateModified":"2025-06-19T07:09:03+00:00","author":{"@id":"https:\/\/www.laferrotecnica.com\/fr\/#\/schema\/person\/0803d3fb6504d3c3512b90b4f140afbe"},"description":"Gr\u00e2ce \u00e0 LaFerrotecnica, transformez votre restaurant ext\u00e9rieur en un lieu exclusif avec mobilier d'ext\u00e9rieur.","breadcrumb":{"@id":"https:\/\/www.laferrotecnica.com\/fr\/mobilier-dexterieur\/#breadcrumb"},"inLanguage":"fr-FR","potentialAction":[{"@type":"ReadAction","target":["https:\/\/www.laferrotecnica.com\/fr\/mobilier-dexterieur\/"]}]},{"@type":"ImageObject","inLanguage":"fr-FR","@id":"https:\/\/www.laferrotecnica.com\/fr\/mobilier-dexterieur\/#primaryimage","url":"https:\/\/www.laferrotecnica.com\/wp-content\/uploads\/2024\/10\/BQ177A.png","contentUrl":"https:\/\/www.laferrotecnica.com\/wp-content\/uploads\/2024\/10\/BQ177A.png","width":715,"height":703,"caption":"mobilier d'ext\u00e9rieur - Griglia portatile - Portable Grill"},{"@type":"BreadcrumbList","@id":"https:\/\/www.laferrotecnica.com\/fr\/mobilier-dexterieur\/#breadcrumb","itemListElement":[{"@type":"ListItem","position":1,"name":"Home","item":"https:\/\/www.laferrotecnica.com\/fr\/"},{"@type":"ListItem","position":2,"name":"mobilier d&#8217;ext\u00e9rieur"}]},{"@type":"WebSite","@id":"https:\/\/www.laferrotecnica.com\/fr\/#website","url":"https:\/\/www.laferrotecnica.com\/fr\/","name":"La Ferro Tecnica","description":"Barbecue, bracieri per giardino e accessori per il caminetto","potentialAction":[{"@type":"SearchAction","target":{"@type":"EntryPoint","urlTemplate":"https:\/\/www.laferrotecnica.com\/fr\/?s={search_term_string}"},"query-input":{"@type":"PropertyValueSpecification","valueRequired":true,"valueName":"search_term_string"}}],"inLanguage":"fr-FR"},{"@type":"Person","@id":"https:\/\/www.laferrotecnica.com\/fr\/#\/schema\/person\/0803d3fb6504d3c3512b90b4f140afbe","name":"lapaoladellaferrotecnica","image":{"@type":"ImageObject","inLanguage":"fr-FR","@id":"https:\/\/secure.gravatar.com\/avatar\/c2085d9be92331d62dc95e34c031de3e621a1f7c00cf69fb1806336a0f66bb04?s=96&d=mm&r=g","url":"https:\/\/secure.gravatar.com\/avatar\/c2085d9be92331d62dc95e34c031de3e621a1f7c00cf69fb1806336a0f66bb04?s=96&d=mm&r=g","contentUrl":"https:\/\/secure.gravatar.com\/avatar\/c2085d9be92331d62dc95e34c031de3e621a1f7c00cf69fb1806336a0f66bb04?s=96&d=mm&r=g","caption":"lapaoladellaferrotecnica"},"url":"https:\/\/www.laferrotecnica.com\/fr\/author\/lapaoladellaferrotecnica\/"}]}},"_links":{"self":[{"href":"https:\/\/www.laferrotecnica.com\/fr\/wp-json\/wp\/v2\/posts\/1992","targetHints":{"allow":["GET"]}}],"collection":[{"href":"https:\/\/www.laferrotecnica.com\/fr\/wp-json\/wp\/v2\/posts"}],"about":[{"href":"https:\/\/www.laferrotecnica.com\/fr\/wp-json\/wp\/v2\/types\/post"}],"author":[{"embeddable":true,"href":"https:\/\/www.laferrotecnica.com\/fr\/wp-json\/wp\/v2\/users\/3"}],"replies":[{"embeddable":true,"href":"https:\/\/www.laferrotecnica.com\/fr\/wp-json\/wp\/v2\/comments?post=1992"}],"version-history":[{"count":2,"href":"https:\/\/www.laferrotecnica.com\/fr\/wp-json\/wp\/v2\/posts\/1992\/revisions"}],"predecessor-version":[{"id":1994,"href":"https:\/\/www.laferrotecnica.com\/fr\/wp-json\/wp\/v2\/posts\/1992\/revisions\/1994"}],"wp:featuredmedia":[{"embeddable":true,"href":"https:\/\/www.laferrotecnica.com\/fr\/wp-json\/wp\/v2\/media\/460"}],"wp:attachment":[{"href":"https:\/\/www.laferrotecnica.com\/fr\/wp-json\/wp\/v2\/media?parent=1992"}],"wp:term":[{"taxonomy":"category","embeddable":true,"href":"https:\/\/www.laferrotecnica.com\/fr\/wp-json\/wp\/v2\/categories?post=1992"},{"taxonomy":"post_tag","embeddable":true,"href":"https:\/\/www.laferrotecnica.com\/fr\/wp-json\/wp\/v2\/tags?post=1992"}],"curies":[{"name":"wp","href":"https:\/\/api.w.org\/{rel}","templated":true}]}}