{"id":1944,"date":"2025-03-24T15:14:36","date_gmt":"2025-03-24T14:14:36","guid":{"rendered":"https:\/\/www.laferrotecnica.com\/arredamento-giardino\/"},"modified":"2025-06-19T08:54:33","modified_gmt":"2025-06-19T06:54:33","slug":"mobilier-de-jardin","status":"publish","type":"post","link":"https:\/\/www.laferrotecnica.com\/fr\/mobilier-de-jardin\/","title":{"rendered":"mobilier de jardin"},"content":{"rendered":"<h2>Braseros, barbecues et jardini\u00e8res pour un espace ext\u00e9rieur design<\/h2>\n<p>Pour un jardin accueillant et fonctionnel, le mobilier de jardin LaFerrotecnica est la solution id\u00e9ale. Nos produits en fer et en Corten allient esth\u00e9tique et r\u00e9sistance, transformant tout espace ext\u00e9rieur en un lieu id\u00e9al de d\u00e9tente et de convivialit\u00e9.<\/p>\n<h2>Produits LaFerrotecnica pour votre jardin<\/h2>\n<p>Nous proposons une s\u00e9lection d&rsquo;accessoires uniques, con\u00e7us pour durer et sublimer votre espace ext\u00e9rieur\u00a0:<\/p>\n<p>Barbecues \u2013 Parfaits pour les amateurs de grillades, nos barbecues en fer sont robustes, r\u00e9sistants aux hautes temp\u00e9ratures et con\u00e7us pour une cuisson optimale. Id\u00e9als pour les grillades au jardin, en terrasse ou en camping, ils sont synonymes de qualit\u00e9 et de praticit\u00e9.<\/p>\n<p>Braseros d&rsquo;ext\u00e9rieur \u2013 Ajoutez une touche de chaleur \u00e0 vos soir\u00e9es en plein air avec un brasero au design unique. Fabriqu\u00e9s en fer ou en Corten, nos braseros cr\u00e9ent une atmosph\u00e8re chaleureuse et vous permettent de profiter de votre espace ext\u00e9rieur m\u00eame pendant les saisons plus fra\u00eeches.<\/p>\n<p>Jardini\u00e8res en Corten \u2013 R\u00e9sistantes et au charme intemporel, nos jardini\u00e8res en Corten sont parfaites pour d\u00e9corer jardins, terrasses et balcons avec raffinement. Gr\u00e2ce \u00e0 sa patine naturelle, le Corten conf\u00e8re non seulement une esth\u00e9tique \u00e9l\u00e9gante, mais garantit \u00e9galement une protection durable contre les intemp\u00e9ries.<\/p>\n<h2>Pourquoi choisir le mobilier de jardin LaFerrotecnica\u00a0?<\/h2>\n<p>Mat\u00e9riaux de qualit\u00e9 \u2013 Nous utilisons du fer et du Corten pour garantir durabilit\u00e9, r\u00e9sistance et une esth\u00e9tique incomparable.<br \/>\nDesign artisanal \u2013 Chaque produit est fabriqu\u00e9 avec soin, alliant fonctionnalit\u00e9 et \u00e9l\u00e9gance.<br \/>\nPolyvalence \u2013 Id\u00e9al pour les jardins, terrasses, balcons et espaces ext\u00e9rieurs de toutes tailles.<br \/>\nProduction Made in Italy \u2013 Nous travaillons avec passion pour vous proposer des accessoires d&rsquo;ameublement uniques et durables.<\/p>\n<p>Avec LaFerrotecnica, transformer votre jardin en un environnement raffin\u00e9 et accueillant est simple.<\/p>\n","protected":false},"excerpt":{"rendered":"<p>Braseros, barbecues et jardini\u00e8res pour un espace ext\u00e9rieur design Pour un jardin accueillant et fonctionnel, le mobilier de jardin LaFerrotecnica [&hellip;]<\/p>\n","protected":false},"author":3,"featured_media":1590,"comment_status":"closed","ping_status":"closed","sticky":false,"template":"","format":"standard","meta":{"_acf_changed":false,"inline_featured_image":false,"footnotes":""},"categories":[36],"tags":[],"class_list":["post-1944","post","type-post","status-publish","format-standard","has-post-thumbnail","hentry","category-non-categorise"],"acf":[],"yoast_head":"<!-- This site is optimized with the Yoast SEO plugin v27.5 - https:\/\/yoast.com\/product\/yoast-seo-wordpress\/ -->\n<title>mobilier de jardin - LaFerrotecnica<\/title>\n<meta name=\"description\" content=\"D\u00e9couvrez le mobilier de jardin de LaFerrotecnica : barbecues, braseros et pots de fleurs en corten au design artisanal et r\u00e9sistant.\" \/>\n<meta name=\"robots\" content=\"index, follow, max-snippet:-1, max-image-preview:large, max-video-preview:-1\" \/>\n<link rel=\"canonical\" href=\"https:\/\/www.laferrotecnica.com\/fr\/mobilier-de-jardin\/\" \/>\n<meta property=\"og:locale\" content=\"fr_FR\" \/>\n<meta property=\"og:type\" content=\"article\" \/>\n<meta property=\"og:title\" content=\"mobilier de jardin - LaFerrotecnica\" \/>\n<meta property=\"og:description\" content=\"D\u00e9couvrez le mobilier de jardin de LaFerrotecnica : barbecues, braseros et pots de fleurs en corten au design artisanal et r\u00e9sistant.\" \/>\n<meta property=\"og:url\" content=\"https:\/\/www.laferrotecnica.com\/fr\/mobilier-de-jardin\/\" \/>\n<meta property=\"og:site_name\" content=\"LaFerrotecnica\" \/>\n<meta property=\"article:publisher\" content=\"https:\/\/www.facebook.com\/profile.php?id=100091678810025\" \/>\n<meta property=\"article:published_time\" content=\"2025-03-24T14:14:36+00:00\" \/>\n<meta property=\"article:modified_time\" content=\"2025-06-19T06:54:33+00:00\" \/>\n<meta property=\"og:image\" content=\"https:\/\/www.laferrotecnica.com\/wp-content\/uploads\/2025\/06\/PL633-1-1.png\" \/>\n\t<meta property=\"og:image:width\" content=\"1920\" \/>\n\t<meta property=\"og:image:height\" content=\"1278\" \/>\n\t<meta property=\"og:image:type\" content=\"image\/png\" \/>\n<meta name=\"author\" content=\"lapaoladellaferrotecnica\" \/>\n<meta name=\"twitter:card\" content=\"summary_large_image\" \/>\n<meta name=\"twitter:label1\" content=\"\u00c9crit par\" \/>\n\t<meta name=\"twitter:data1\" content=\"lapaoladellaferrotecnica\" \/>\n\t<meta name=\"twitter:label2\" content=\"Dur\u00e9e de lecture estim\u00e9e\" \/>\n\t<meta name=\"twitter:data2\" content=\"2 minutes\" \/>\n<script type=\"application\/ld+json\" class=\"yoast-schema-graph\">{\"@context\":\"https:\\\/\\\/schema.org\",\"@graph\":[{\"@type\":\"Article\",\"@id\":\"https:\\\/\\\/www.laferrotecnica.com\\\/fr\\\/mobilier-de-jardin\\\/#article\",\"isPartOf\":{\"@id\":\"https:\\\/\\\/www.laferrotecnica.com\\\/fr\\\/mobilier-de-jardin\\\/\"},\"author\":{\"name\":\"lapaoladellaferrotecnica\",\"@id\":\"https:\\\/\\\/www.laferrotecnica.com\\\/fr\\\/#\\\/schema\\\/person\\\/0803d3fb6504d3c3512b90b4f140afbe\"},\"headline\":\"mobilier de jardin\",\"datePublished\":\"2025-03-24T14:14:36+00:00\",\"dateModified\":\"2025-06-19T06:54:33+00:00\",\"mainEntityOfPage\":{\"@id\":\"https:\\\/\\\/www.laferrotecnica.com\\\/fr\\\/mobilier-de-jardin\\\/\"},\"wordCount\":321,\"image\":{\"@id\":\"https:\\\/\\\/www.laferrotecnica.com\\\/fr\\\/mobilier-de-jardin\\\/#primaryimage\"},\"thumbnailUrl\":\"https:\\\/\\\/www.laferrotecnica.com\\\/wp-content\\\/uploads\\\/2025\\\/06\\\/PL633-1-1.png\",\"articleSection\":[\"Non cat\u00e9goris\u00e9\"],\"inLanguage\":\"fr-FR\"},{\"@type\":\"WebPage\",\"@id\":\"https:\\\/\\\/www.laferrotecnica.com\\\/fr\\\/mobilier-de-jardin\\\/\",\"url\":\"https:\\\/\\\/www.laferrotecnica.com\\\/fr\\\/mobilier-de-jardin\\\/\",\"name\":\"mobilier de jardin - LaFerrotecnica\",\"isPartOf\":{\"@id\":\"https:\\\/\\\/www.laferrotecnica.com\\\/fr\\\/#website\"},\"primaryImageOfPage\":{\"@id\":\"https:\\\/\\\/www.laferrotecnica.com\\\/fr\\\/mobilier-de-jardin\\\/#primaryimage\"},\"image\":{\"@id\":\"https:\\\/\\\/www.laferrotecnica.com\\\/fr\\\/mobilier-de-jardin\\\/#primaryimage\"},\"thumbnailUrl\":\"https:\\\/\\\/www.laferrotecnica.com\\\/wp-content\\\/uploads\\\/2025\\\/06\\\/PL633-1-1.png\",\"datePublished\":\"2025-03-24T14:14:36+00:00\",\"dateModified\":\"2025-06-19T06:54:33+00:00\",\"author\":{\"@id\":\"https:\\\/\\\/www.laferrotecnica.com\\\/fr\\\/#\\\/schema\\\/person\\\/0803d3fb6504d3c3512b90b4f140afbe\"},\"description\":\"D\u00e9couvrez le mobilier de jardin de LaFerrotecnica : barbecues, braseros et pots de fleurs en corten au design artisanal et r\u00e9sistant.\",\"breadcrumb\":{\"@id\":\"https:\\\/\\\/www.laferrotecnica.com\\\/fr\\\/mobilier-de-jardin\\\/#breadcrumb\"},\"inLanguage\":\"fr-FR\",\"potentialAction\":[{\"@type\":\"ReadAction\",\"target\":[\"https:\\\/\\\/www.laferrotecnica.com\\\/fr\\\/mobilier-de-jardin\\\/\"]}]},{\"@type\":\"ImageObject\",\"inLanguage\":\"fr-FR\",\"@id\":\"https:\\\/\\\/www.laferrotecnica.com\\\/fr\\\/mobilier-de-jardin\\\/#primaryimage\",\"url\":\"https:\\\/\\\/www.laferrotecnica.com\\\/wp-content\\\/uploads\\\/2025\\\/06\\\/PL633-1-1.png\",\"contentUrl\":\"https:\\\/\\\/www.laferrotecnica.com\\\/wp-content\\\/uploads\\\/2025\\\/06\\\/PL633-1-1.png\",\"width\":1920,\"height\":1278,\"caption\":\"mobilier de jardin - Compl\u00e9ments ext\u00e9rieurs\"},{\"@type\":\"BreadcrumbList\",\"@id\":\"https:\\\/\\\/www.laferrotecnica.com\\\/fr\\\/mobilier-de-jardin\\\/#breadcrumb\",\"itemListElement\":[{\"@type\":\"ListItem\",\"position\":1,\"name\":\"Home\",\"item\":\"https:\\\/\\\/www.laferrotecnica.com\\\/fr\\\/\"},{\"@type\":\"ListItem\",\"position\":2,\"name\":\"mobilier de jardin\"}]},{\"@type\":\"WebSite\",\"@id\":\"https:\\\/\\\/www.laferrotecnica.com\\\/fr\\\/#website\",\"url\":\"https:\\\/\\\/www.laferrotecnica.com\\\/fr\\\/\",\"name\":\"La Ferro Tecnica\",\"description\":\"Barbecue, bracieri per giardino e accessori per il caminetto\",\"potentialAction\":[{\"@type\":\"SearchAction\",\"target\":{\"@type\":\"EntryPoint\",\"urlTemplate\":\"https:\\\/\\\/www.laferrotecnica.com\\\/fr\\\/?s={search_term_string}\"},\"query-input\":{\"@type\":\"PropertyValueSpecification\",\"valueRequired\":true,\"valueName\":\"search_term_string\"}}],\"inLanguage\":\"fr-FR\"},{\"@type\":\"Person\",\"@id\":\"https:\\\/\\\/www.laferrotecnica.com\\\/fr\\\/#\\\/schema\\\/person\\\/0803d3fb6504d3c3512b90b4f140afbe\",\"name\":\"lapaoladellaferrotecnica\",\"image\":{\"@type\":\"ImageObject\",\"inLanguage\":\"fr-FR\",\"@id\":\"https:\\\/\\\/secure.gravatar.com\\\/avatar\\\/c2085d9be92331d62dc95e34c031de3e621a1f7c00cf69fb1806336a0f66bb04?s=96&d=mm&r=g\",\"url\":\"https:\\\/\\\/secure.gravatar.com\\\/avatar\\\/c2085d9be92331d62dc95e34c031de3e621a1f7c00cf69fb1806336a0f66bb04?s=96&d=mm&r=g\",\"contentUrl\":\"https:\\\/\\\/secure.gravatar.com\\\/avatar\\\/c2085d9be92331d62dc95e34c031de3e621a1f7c00cf69fb1806336a0f66bb04?s=96&d=mm&r=g\",\"caption\":\"lapaoladellaferrotecnica\"},\"url\":\"https:\\\/\\\/www.laferrotecnica.com\\\/fr\\\/author\\\/lapaoladellaferrotecnica\\\/\"}]}<\/script>\n<!-- \/ Yoast SEO plugin. -->","yoast_head_json":{"title":"mobilier de jardin - LaFerrotecnica","description":"D\u00e9couvrez le mobilier de jardin de LaFerrotecnica : barbecues, braseros et pots de fleurs en corten au design artisanal et r\u00e9sistant.","robots":{"index":"index","follow":"follow","max-snippet":"max-snippet:-1","max-image-preview":"max-image-preview:large","max-video-preview":"max-video-preview:-1"},"canonical":"https:\/\/www.laferrotecnica.com\/fr\/mobilier-de-jardin\/","og_locale":"fr_FR","og_type":"article","og_title":"mobilier de jardin - LaFerrotecnica","og_description":"D\u00e9couvrez le mobilier de jardin de LaFerrotecnica : barbecues, braseros et pots de fleurs en corten au design artisanal et r\u00e9sistant.","og_url":"https:\/\/www.laferrotecnica.com\/fr\/mobilier-de-jardin\/","og_site_name":"LaFerrotecnica","article_publisher":"https:\/\/www.facebook.com\/profile.php?id=100091678810025","article_published_time":"2025-03-24T14:14:36+00:00","article_modified_time":"2025-06-19T06:54:33+00:00","og_image":[{"width":1920,"height":1278,"url":"https:\/\/www.laferrotecnica.com\/wp-content\/uploads\/2025\/06\/PL633-1-1.png","type":"image\/png"}],"author":"lapaoladellaferrotecnica","twitter_card":"summary_large_image","twitter_misc":{"\u00c9crit par":"lapaoladellaferrotecnica","Dur\u00e9e de lecture estim\u00e9e":"2 minutes"},"schema":{"@context":"https:\/\/schema.org","@graph":[{"@type":"Article","@id":"https:\/\/www.laferrotecnica.com\/fr\/mobilier-de-jardin\/#article","isPartOf":{"@id":"https:\/\/www.laferrotecnica.com\/fr\/mobilier-de-jardin\/"},"author":{"name":"lapaoladellaferrotecnica","@id":"https:\/\/www.laferrotecnica.com\/fr\/#\/schema\/person\/0803d3fb6504d3c3512b90b4f140afbe"},"headline":"mobilier de jardin","datePublished":"2025-03-24T14:14:36+00:00","dateModified":"2025-06-19T06:54:33+00:00","mainEntityOfPage":{"@id":"https:\/\/www.laferrotecnica.com\/fr\/mobilier-de-jardin\/"},"wordCount":321,"image":{"@id":"https:\/\/www.laferrotecnica.com\/fr\/mobilier-de-jardin\/#primaryimage"},"thumbnailUrl":"https:\/\/www.laferrotecnica.com\/wp-content\/uploads\/2025\/06\/PL633-1-1.png","articleSection":["Non cat\u00e9goris\u00e9"],"inLanguage":"fr-FR"},{"@type":"WebPage","@id":"https:\/\/www.laferrotecnica.com\/fr\/mobilier-de-jardin\/","url":"https:\/\/www.laferrotecnica.com\/fr\/mobilier-de-jardin\/","name":"mobilier de jardin - LaFerrotecnica","isPartOf":{"@id":"https:\/\/www.laferrotecnica.com\/fr\/#website"},"primaryImageOfPage":{"@id":"https:\/\/www.laferrotecnica.com\/fr\/mobilier-de-jardin\/#primaryimage"},"image":{"@id":"https:\/\/www.laferrotecnica.com\/fr\/mobilier-de-jardin\/#primaryimage"},"thumbnailUrl":"https:\/\/www.laferrotecnica.com\/wp-content\/uploads\/2025\/06\/PL633-1-1.png","datePublished":"2025-03-24T14:14:36+00:00","dateModified":"2025-06-19T06:54:33+00:00","author":{"@id":"https:\/\/www.laferrotecnica.com\/fr\/#\/schema\/person\/0803d3fb6504d3c3512b90b4f140afbe"},"description":"D\u00e9couvrez le mobilier de jardin de LaFerrotecnica : barbecues, braseros et pots de fleurs en corten au design artisanal et r\u00e9sistant.","breadcrumb":{"@id":"https:\/\/www.laferrotecnica.com\/fr\/mobilier-de-jardin\/#breadcrumb"},"inLanguage":"fr-FR","potentialAction":[{"@type":"ReadAction","target":["https:\/\/www.laferrotecnica.com\/fr\/mobilier-de-jardin\/"]}]},{"@type":"ImageObject","inLanguage":"fr-FR","@id":"https:\/\/www.laferrotecnica.com\/fr\/mobilier-de-jardin\/#primaryimage","url":"https:\/\/www.laferrotecnica.com\/wp-content\/uploads\/2025\/06\/PL633-1-1.png","contentUrl":"https:\/\/www.laferrotecnica.com\/wp-content\/uploads\/2025\/06\/PL633-1-1.png","width":1920,"height":1278,"caption":"mobilier de jardin - Compl\u00e9ments ext\u00e9rieurs"},{"@type":"BreadcrumbList","@id":"https:\/\/www.laferrotecnica.com\/fr\/mobilier-de-jardin\/#breadcrumb","itemListElement":[{"@type":"ListItem","position":1,"name":"Home","item":"https:\/\/www.laferrotecnica.com\/fr\/"},{"@type":"ListItem","position":2,"name":"mobilier de jardin"}]},{"@type":"WebSite","@id":"https:\/\/www.laferrotecnica.com\/fr\/#website","url":"https:\/\/www.laferrotecnica.com\/fr\/","name":"La Ferro Tecnica","description":"Barbecue, bracieri per giardino e accessori per il caminetto","potentialAction":[{"@type":"SearchAction","target":{"@type":"EntryPoint","urlTemplate":"https:\/\/www.laferrotecnica.com\/fr\/?s={search_term_string}"},"query-input":{"@type":"PropertyValueSpecification","valueRequired":true,"valueName":"search_term_string"}}],"inLanguage":"fr-FR"},{"@type":"Person","@id":"https:\/\/www.laferrotecnica.com\/fr\/#\/schema\/person\/0803d3fb6504d3c3512b90b4f140afbe","name":"lapaoladellaferrotecnica","image":{"@type":"ImageObject","inLanguage":"fr-FR","@id":"https:\/\/secure.gravatar.com\/avatar\/c2085d9be92331d62dc95e34c031de3e621a1f7c00cf69fb1806336a0f66bb04?s=96&d=mm&r=g","url":"https:\/\/secure.gravatar.com\/avatar\/c2085d9be92331d62dc95e34c031de3e621a1f7c00cf69fb1806336a0f66bb04?s=96&d=mm&r=g","contentUrl":"https:\/\/secure.gravatar.com\/avatar\/c2085d9be92331d62dc95e34c031de3e621a1f7c00cf69fb1806336a0f66bb04?s=96&d=mm&r=g","caption":"lapaoladellaferrotecnica"},"url":"https:\/\/www.laferrotecnica.com\/fr\/author\/lapaoladellaferrotecnica\/"}]}},"_links":{"self":[{"href":"https:\/\/www.laferrotecnica.com\/fr\/wp-json\/wp\/v2\/posts\/1944","targetHints":{"allow":["GET"]}}],"collection":[{"href":"https:\/\/www.laferrotecnica.com\/fr\/wp-json\/wp\/v2\/posts"}],"about":[{"href":"https:\/\/www.laferrotecnica.com\/fr\/wp-json\/wp\/v2\/types\/post"}],"author":[{"embeddable":true,"href":"https:\/\/www.laferrotecnica.com\/fr\/wp-json\/wp\/v2\/users\/3"}],"replies":[{"embeddable":true,"href":"https:\/\/www.laferrotecnica.com\/fr\/wp-json\/wp\/v2\/comments?post=1944"}],"version-history":[{"count":2,"href":"https:\/\/www.laferrotecnica.com\/fr\/wp-json\/wp\/v2\/posts\/1944\/revisions"}],"predecessor-version":[{"id":1986,"href":"https:\/\/www.laferrotecnica.com\/fr\/wp-json\/wp\/v2\/posts\/1944\/revisions\/1986"}],"wp:featuredmedia":[{"embeddable":true,"href":"https:\/\/www.laferrotecnica.com\/fr\/wp-json\/wp\/v2\/media\/1590"}],"wp:attachment":[{"href":"https:\/\/www.laferrotecnica.com\/fr\/wp-json\/wp\/v2\/media?parent=1944"}],"wp:term":[{"taxonomy":"category","embeddable":true,"href":"https:\/\/www.laferrotecnica.com\/fr\/wp-json\/wp\/v2\/categories?post=1944"},{"taxonomy":"post_tag","embeddable":true,"href":"https:\/\/www.laferrotecnica.com\/fr\/wp-json\/wp\/v2\/tags?post=1944"}],"curies":[{"name":"wp","href":"https:\/\/api.w.org\/{rel}","templated":true}]}}