{"id":1923,"date":"2025-04-16T14:41:31","date_gmt":"2025-04-16T12:41:31","guid":{"rendered":"https:\/\/www.laferrotecnica.com\/barbecue-da-esterno-artigianali\/"},"modified":"2025-06-18T14:38:02","modified_gmt":"2025-06-18T12:38:02","slug":"barbecues-dexterieur-artisanaux","status":"publish","type":"post","link":"https:\/\/www.laferrotecnica.com\/fr\/barbecues-dexterieur-artisanaux\/","title":{"rendered":"Barbecues d&rsquo;ext\u00e9rieur artisanaux"},"content":{"rendered":"<h2>Barbecues d&rsquo;ext\u00e9rieur artisanaux\u00a0: l&rsquo;excellence du Made in Italy<\/h2>\n<p>Si vous recherchez des barbecues d&rsquo;ext\u00e9rieur artisanaux alliant design, fonctionnalit\u00e9 et qualit\u00e9 Made in Italy, LaFerrotecnica est le choix id\u00e9al. Situ\u00e9e dans le Val Seriana, l&rsquo;entreprise est sp\u00e9cialis\u00e9e dans la production de barbecues et de braseros de jardin, fabriqu\u00e9s avec un savoir-faire artisanal, \u00e0 partir de mat\u00e9riaux de haute qualit\u00e9 tels que l&rsquo;acier inoxydable et le Corten.<\/p>\n<p>Chaque barbecue LaFerrotecnica est le fruit d&rsquo;un travail minutieux, con\u00e7u pour offrir une exp\u00e9rience culinaire authentique et durable. Les mat\u00e9riaux s\u00e9lectionn\u00e9s garantissent une r\u00e9sistance aux agents atmosph\u00e9riques et une esth\u00e9tique raffin\u00e9e qui s&rsquo;int\u00e8gre parfaitement \u00e0 tout espace ext\u00e9rieur.<\/p>\n<h2>Design et fonctionnalit\u00e9 pour tous les besoins<\/h2>\n<p>Les barbecues d&rsquo;ext\u00e9rieur artisanaux LaFerrotecnica ne sont pas de simples ustensiles de cuisine, mais de v\u00e9ritables \u00e9l\u00e9ments de d\u00e9coration. Leurs lignes modernes et \u00e9pur\u00e9es s&rsquo;adaptent aux jardins, terrasses et cours, transformant chaque barbecue en un moment de convivialit\u00e9 et de style.<\/p>\n<h2>D\u00e9couvrez la gamme de barbecues d&rsquo;ext\u00e9rieur artisanaux<\/h2>\n<p>La Ferrotecnica propose une large s\u00e9lection de barbecues, dont le mod\u00e8le compact et color\u00e9 SMILE, id\u00e9al pour les pique-niques et le camping, et les barbecues \u00e0 bois de la gamme Brace Viva, parfaits pour ceux qui recherchent une cuisine traditionnelle avec une touche de design. Chaque produit est fabriqu\u00e9 avec un soin artisanal, garantissant durabilit\u00e9 et excellentes performances.<\/p>\n<p>Pourquoi choisir LaFerrotecnica\u00a0?<br \/>\nQualit\u00e9 artisanale\u00a0: chaque barbecue est le fruit d&rsquo;une longue tradition de ferronnerie.<br \/>\nMat\u00e9riaux nobles\u00a0: utilisation de l&rsquo;acier inoxydable et du Corten pour une r\u00e9sistance et une esth\u00e9tique uniques.<br \/>\nDesign italien\u00a0: lignes modernes et fonctionnelles qui embellissent chaque espace ext\u00e9rieur.<br \/>\nExp\u00e9rience authentique\u00a0: la cuisson au bois sublime les saveurs et fait de chaque barbecue un moment privil\u00e9gi\u00e9.<\/p>\n<p>Visitez le site officiel de LaFerrotecnica pour d\u00e9couvrir tous les mod\u00e8les disponibles et trouver le barbecue d&rsquo;ext\u00e9rieur artisanal qui correspond le mieux \u00e0 vos besoins. Avec LaFerrotecnica, chaque barbecue devient une exp\u00e9rience inoubliable.<\/p>\n","protected":false},"excerpt":{"rendered":"<p>Barbecues d&rsquo;ext\u00e9rieur artisanaux\u00a0: l&rsquo;excellence du Made in Italy Si vous recherchez des barbecues d&rsquo;ext\u00e9rieur artisanaux alliant design, fonctionnalit\u00e9 et qualit\u00e9 [&hellip;]<\/p>\n","protected":false},"author":3,"featured_media":47,"comment_status":"closed","ping_status":"closed","sticky":false,"template":"","format":"standard","meta":{"_acf_changed":false,"inline_featured_image":false,"footnotes":""},"categories":[36],"tags":[],"class_list":["post-1923","post","type-post","status-publish","format-standard","has-post-thumbnail","hentry","category-non-categorise"],"acf":[],"yoast_head":"<!-- This site is optimized with the Yoast SEO plugin v27.5 - https:\/\/yoast.com\/product\/yoast-seo-wordpress\/ -->\n<title>Barbecues d&#039;ext\u00e9rieur artisanaux - LaFerrotecnica<\/title>\n<meta name=\"description\" content=\"D\u00e9couvrez les barbecues d&#039;ext\u00e9rieur artisanaux de LaFerrotecnica : design moderne, mat\u00e9riaux de haute qualit\u00e9 et qualit\u00e9 Made in Italy.\" \/>\n<meta name=\"robots\" content=\"index, follow, max-snippet:-1, max-image-preview:large, max-video-preview:-1\" \/>\n<link rel=\"canonical\" href=\"https:\/\/www.laferrotecnica.com\/fr\/barbecues-dexterieur-artisanaux\/\" \/>\n<meta property=\"og:locale\" content=\"fr_FR\" \/>\n<meta property=\"og:type\" content=\"article\" \/>\n<meta property=\"og:title\" content=\"Barbecues d&#039;ext\u00e9rieur artisanaux - LaFerrotecnica\" \/>\n<meta property=\"og:description\" content=\"D\u00e9couvrez les barbecues d&#039;ext\u00e9rieur artisanaux de LaFerrotecnica : design moderne, mat\u00e9riaux de haute qualit\u00e9 et qualit\u00e9 Made in Italy.\" \/>\n<meta property=\"og:url\" content=\"https:\/\/www.laferrotecnica.com\/fr\/barbecues-dexterieur-artisanaux\/\" \/>\n<meta property=\"og:site_name\" content=\"LaFerrotecnica\" \/>\n<meta property=\"article:publisher\" content=\"https:\/\/www.facebook.com\/profile.php?id=100091678810025\" \/>\n<meta property=\"article:published_time\" content=\"2025-04-16T12:41:31+00:00\" \/>\n<meta property=\"article:modified_time\" content=\"2025-06-18T12:38:02+00:00\" \/>\n<meta property=\"og:image\" content=\"https:\/\/www.laferrotecnica.com\/wp-content\/uploads\/2024\/09\/laferrotecnica-linea-brace-viva.jpg\" \/>\n\t<meta property=\"og:image:width\" content=\"1347\" \/>\n\t<meta property=\"og:image:height\" content=\"1920\" \/>\n\t<meta property=\"og:image:type\" content=\"image\/jpeg\" \/>\n<meta name=\"author\" content=\"lapaoladellaferrotecnica\" \/>\n<meta name=\"twitter:card\" content=\"summary_large_image\" \/>\n<meta name=\"twitter:label1\" content=\"\u00c9crit par\" \/>\n\t<meta name=\"twitter:data1\" content=\"lapaoladellaferrotecnica\" \/>\n\t<meta name=\"twitter:label2\" content=\"Dur\u00e9e de lecture estim\u00e9e\" \/>\n\t<meta name=\"twitter:data2\" content=\"2 minutes\" \/>\n<script type=\"application\/ld+json\" class=\"yoast-schema-graph\">{\"@context\":\"https:\\\/\\\/schema.org\",\"@graph\":[{\"@type\":\"Article\",\"@id\":\"https:\\\/\\\/www.laferrotecnica.com\\\/fr\\\/barbecues-dexterieur-artisanaux\\\/#article\",\"isPartOf\":{\"@id\":\"https:\\\/\\\/www.laferrotecnica.com\\\/fr\\\/barbecues-dexterieur-artisanaux\\\/\"},\"author\":{\"name\":\"lapaoladellaferrotecnica\",\"@id\":\"https:\\\/\\\/www.laferrotecnica.com\\\/fr\\\/#\\\/schema\\\/person\\\/0803d3fb6504d3c3512b90b4f140afbe\"},\"headline\":\"Barbecues d&rsquo;ext\u00e9rieur artisanaux\",\"datePublished\":\"2025-04-16T12:41:31+00:00\",\"dateModified\":\"2025-06-18T12:38:02+00:00\",\"mainEntityOfPage\":{\"@id\":\"https:\\\/\\\/www.laferrotecnica.com\\\/fr\\\/barbecues-dexterieur-artisanaux\\\/\"},\"wordCount\":361,\"image\":{\"@id\":\"https:\\\/\\\/www.laferrotecnica.com\\\/fr\\\/barbecues-dexterieur-artisanaux\\\/#primaryimage\"},\"thumbnailUrl\":\"https:\\\/\\\/www.laferrotecnica.com\\\/wp-content\\\/uploads\\\/2024\\\/09\\\/laferrotecnica-linea-brace-viva.jpg\",\"articleSection\":[\"Non cat\u00e9goris\u00e9\"],\"inLanguage\":\"fr-FR\"},{\"@type\":\"WebPage\",\"@id\":\"https:\\\/\\\/www.laferrotecnica.com\\\/fr\\\/barbecues-dexterieur-artisanaux\\\/\",\"url\":\"https:\\\/\\\/www.laferrotecnica.com\\\/fr\\\/barbecues-dexterieur-artisanaux\\\/\",\"name\":\"Barbecues d'ext\u00e9rieur artisanaux - LaFerrotecnica\",\"isPartOf\":{\"@id\":\"https:\\\/\\\/www.laferrotecnica.com\\\/fr\\\/#website\"},\"primaryImageOfPage\":{\"@id\":\"https:\\\/\\\/www.laferrotecnica.com\\\/fr\\\/barbecues-dexterieur-artisanaux\\\/#primaryimage\"},\"image\":{\"@id\":\"https:\\\/\\\/www.laferrotecnica.com\\\/fr\\\/barbecues-dexterieur-artisanaux\\\/#primaryimage\"},\"thumbnailUrl\":\"https:\\\/\\\/www.laferrotecnica.com\\\/wp-content\\\/uploads\\\/2024\\\/09\\\/laferrotecnica-linea-brace-viva.jpg\",\"datePublished\":\"2025-04-16T12:41:31+00:00\",\"dateModified\":\"2025-06-18T12:38:02+00:00\",\"author\":{\"@id\":\"https:\\\/\\\/www.laferrotecnica.com\\\/fr\\\/#\\\/schema\\\/person\\\/0803d3fb6504d3c3512b90b4f140afbe\"},\"description\":\"D\u00e9couvrez les barbecues d'ext\u00e9rieur artisanaux de LaFerrotecnica : design moderne, mat\u00e9riaux de haute qualit\u00e9 et qualit\u00e9 Made in Italy.\",\"breadcrumb\":{\"@id\":\"https:\\\/\\\/www.laferrotecnica.com\\\/fr\\\/barbecues-dexterieur-artisanaux\\\/#breadcrumb\"},\"inLanguage\":\"fr-FR\",\"potentialAction\":[{\"@type\":\"ReadAction\",\"target\":[\"https:\\\/\\\/www.laferrotecnica.com\\\/fr\\\/barbecues-dexterieur-artisanaux\\\/\"]}]},{\"@type\":\"ImageObject\",\"inLanguage\":\"fr-FR\",\"@id\":\"https:\\\/\\\/www.laferrotecnica.com\\\/fr\\\/barbecues-dexterieur-artisanaux\\\/#primaryimage\",\"url\":\"https:\\\/\\\/www.laferrotecnica.com\\\/wp-content\\\/uploads\\\/2024\\\/09\\\/laferrotecnica-linea-brace-viva.jpg\",\"contentUrl\":\"https:\\\/\\\/www.laferrotecnica.com\\\/wp-content\\\/uploads\\\/2024\\\/09\\\/laferrotecnica-linea-brace-viva.jpg\",\"width\":1347,\"height\":1920,\"caption\":\"Barbecue Professionali - Professional Barbecues - Barbecues d'ext\u00e9rieur artisanaux\"},{\"@type\":\"BreadcrumbList\",\"@id\":\"https:\\\/\\\/www.laferrotecnica.com\\\/fr\\\/barbecues-dexterieur-artisanaux\\\/#breadcrumb\",\"itemListElement\":[{\"@type\":\"ListItem\",\"position\":1,\"name\":\"Home\",\"item\":\"https:\\\/\\\/www.laferrotecnica.com\\\/fr\\\/\"},{\"@type\":\"ListItem\",\"position\":2,\"name\":\"Barbecues d&#8217;ext\u00e9rieur artisanaux\"}]},{\"@type\":\"WebSite\",\"@id\":\"https:\\\/\\\/www.laferrotecnica.com\\\/fr\\\/#website\",\"url\":\"https:\\\/\\\/www.laferrotecnica.com\\\/fr\\\/\",\"name\":\"La Ferro Tecnica\",\"description\":\"Barbecue, bracieri per giardino e accessori per il caminetto\",\"potentialAction\":[{\"@type\":\"SearchAction\",\"target\":{\"@type\":\"EntryPoint\",\"urlTemplate\":\"https:\\\/\\\/www.laferrotecnica.com\\\/fr\\\/?s={search_term_string}\"},\"query-input\":{\"@type\":\"PropertyValueSpecification\",\"valueRequired\":true,\"valueName\":\"search_term_string\"}}],\"inLanguage\":\"fr-FR\"},{\"@type\":\"Person\",\"@id\":\"https:\\\/\\\/www.laferrotecnica.com\\\/fr\\\/#\\\/schema\\\/person\\\/0803d3fb6504d3c3512b90b4f140afbe\",\"name\":\"lapaoladellaferrotecnica\",\"image\":{\"@type\":\"ImageObject\",\"inLanguage\":\"fr-FR\",\"@id\":\"https:\\\/\\\/secure.gravatar.com\\\/avatar\\\/c2085d9be92331d62dc95e34c031de3e621a1f7c00cf69fb1806336a0f66bb04?s=96&d=mm&r=g\",\"url\":\"https:\\\/\\\/secure.gravatar.com\\\/avatar\\\/c2085d9be92331d62dc95e34c031de3e621a1f7c00cf69fb1806336a0f66bb04?s=96&d=mm&r=g\",\"contentUrl\":\"https:\\\/\\\/secure.gravatar.com\\\/avatar\\\/c2085d9be92331d62dc95e34c031de3e621a1f7c00cf69fb1806336a0f66bb04?s=96&d=mm&r=g\",\"caption\":\"lapaoladellaferrotecnica\"},\"url\":\"https:\\\/\\\/www.laferrotecnica.com\\\/fr\\\/author\\\/lapaoladellaferrotecnica\\\/\"}]}<\/script>\n<!-- \/ Yoast SEO plugin. -->","yoast_head_json":{"title":"Barbecues d'ext\u00e9rieur artisanaux - LaFerrotecnica","description":"D\u00e9couvrez les barbecues d'ext\u00e9rieur artisanaux de LaFerrotecnica : design moderne, mat\u00e9riaux de haute qualit\u00e9 et qualit\u00e9 Made in Italy.","robots":{"index":"index","follow":"follow","max-snippet":"max-snippet:-1","max-image-preview":"max-image-preview:large","max-video-preview":"max-video-preview:-1"},"canonical":"https:\/\/www.laferrotecnica.com\/fr\/barbecues-dexterieur-artisanaux\/","og_locale":"fr_FR","og_type":"article","og_title":"Barbecues d'ext\u00e9rieur artisanaux - LaFerrotecnica","og_description":"D\u00e9couvrez les barbecues d'ext\u00e9rieur artisanaux de LaFerrotecnica : design moderne, mat\u00e9riaux de haute qualit\u00e9 et qualit\u00e9 Made in Italy.","og_url":"https:\/\/www.laferrotecnica.com\/fr\/barbecues-dexterieur-artisanaux\/","og_site_name":"LaFerrotecnica","article_publisher":"https:\/\/www.facebook.com\/profile.php?id=100091678810025","article_published_time":"2025-04-16T12:41:31+00:00","article_modified_time":"2025-06-18T12:38:02+00:00","og_image":[{"width":1347,"height":1920,"url":"https:\/\/www.laferrotecnica.com\/wp-content\/uploads\/2024\/09\/laferrotecnica-linea-brace-viva.jpg","type":"image\/jpeg"}],"author":"lapaoladellaferrotecnica","twitter_card":"summary_large_image","twitter_misc":{"\u00c9crit par":"lapaoladellaferrotecnica","Dur\u00e9e de lecture estim\u00e9e":"2 minutes"},"schema":{"@context":"https:\/\/schema.org","@graph":[{"@type":"Article","@id":"https:\/\/www.laferrotecnica.com\/fr\/barbecues-dexterieur-artisanaux\/#article","isPartOf":{"@id":"https:\/\/www.laferrotecnica.com\/fr\/barbecues-dexterieur-artisanaux\/"},"author":{"name":"lapaoladellaferrotecnica","@id":"https:\/\/www.laferrotecnica.com\/fr\/#\/schema\/person\/0803d3fb6504d3c3512b90b4f140afbe"},"headline":"Barbecues d&rsquo;ext\u00e9rieur artisanaux","datePublished":"2025-04-16T12:41:31+00:00","dateModified":"2025-06-18T12:38:02+00:00","mainEntityOfPage":{"@id":"https:\/\/www.laferrotecnica.com\/fr\/barbecues-dexterieur-artisanaux\/"},"wordCount":361,"image":{"@id":"https:\/\/www.laferrotecnica.com\/fr\/barbecues-dexterieur-artisanaux\/#primaryimage"},"thumbnailUrl":"https:\/\/www.laferrotecnica.com\/wp-content\/uploads\/2024\/09\/laferrotecnica-linea-brace-viva.jpg","articleSection":["Non cat\u00e9goris\u00e9"],"inLanguage":"fr-FR"},{"@type":"WebPage","@id":"https:\/\/www.laferrotecnica.com\/fr\/barbecues-dexterieur-artisanaux\/","url":"https:\/\/www.laferrotecnica.com\/fr\/barbecues-dexterieur-artisanaux\/","name":"Barbecues d'ext\u00e9rieur artisanaux - LaFerrotecnica","isPartOf":{"@id":"https:\/\/www.laferrotecnica.com\/fr\/#website"},"primaryImageOfPage":{"@id":"https:\/\/www.laferrotecnica.com\/fr\/barbecues-dexterieur-artisanaux\/#primaryimage"},"image":{"@id":"https:\/\/www.laferrotecnica.com\/fr\/barbecues-dexterieur-artisanaux\/#primaryimage"},"thumbnailUrl":"https:\/\/www.laferrotecnica.com\/wp-content\/uploads\/2024\/09\/laferrotecnica-linea-brace-viva.jpg","datePublished":"2025-04-16T12:41:31+00:00","dateModified":"2025-06-18T12:38:02+00:00","author":{"@id":"https:\/\/www.laferrotecnica.com\/fr\/#\/schema\/person\/0803d3fb6504d3c3512b90b4f140afbe"},"description":"D\u00e9couvrez les barbecues d'ext\u00e9rieur artisanaux de LaFerrotecnica : design moderne, mat\u00e9riaux de haute qualit\u00e9 et qualit\u00e9 Made in Italy.","breadcrumb":{"@id":"https:\/\/www.laferrotecnica.com\/fr\/barbecues-dexterieur-artisanaux\/#breadcrumb"},"inLanguage":"fr-FR","potentialAction":[{"@type":"ReadAction","target":["https:\/\/www.laferrotecnica.com\/fr\/barbecues-dexterieur-artisanaux\/"]}]},{"@type":"ImageObject","inLanguage":"fr-FR","@id":"https:\/\/www.laferrotecnica.com\/fr\/barbecues-dexterieur-artisanaux\/#primaryimage","url":"https:\/\/www.laferrotecnica.com\/wp-content\/uploads\/2024\/09\/laferrotecnica-linea-brace-viva.jpg","contentUrl":"https:\/\/www.laferrotecnica.com\/wp-content\/uploads\/2024\/09\/laferrotecnica-linea-brace-viva.jpg","width":1347,"height":1920,"caption":"Barbecue Professionali - Professional Barbecues - Barbecues d'ext\u00e9rieur artisanaux"},{"@type":"BreadcrumbList","@id":"https:\/\/www.laferrotecnica.com\/fr\/barbecues-dexterieur-artisanaux\/#breadcrumb","itemListElement":[{"@type":"ListItem","position":1,"name":"Home","item":"https:\/\/www.laferrotecnica.com\/fr\/"},{"@type":"ListItem","position":2,"name":"Barbecues d&#8217;ext\u00e9rieur artisanaux"}]},{"@type":"WebSite","@id":"https:\/\/www.laferrotecnica.com\/fr\/#website","url":"https:\/\/www.laferrotecnica.com\/fr\/","name":"La Ferro Tecnica","description":"Barbecue, bracieri per giardino e accessori per il caminetto","potentialAction":[{"@type":"SearchAction","target":{"@type":"EntryPoint","urlTemplate":"https:\/\/www.laferrotecnica.com\/fr\/?s={search_term_string}"},"query-input":{"@type":"PropertyValueSpecification","valueRequired":true,"valueName":"search_term_string"}}],"inLanguage":"fr-FR"},{"@type":"Person","@id":"https:\/\/www.laferrotecnica.com\/fr\/#\/schema\/person\/0803d3fb6504d3c3512b90b4f140afbe","name":"lapaoladellaferrotecnica","image":{"@type":"ImageObject","inLanguage":"fr-FR","@id":"https:\/\/secure.gravatar.com\/avatar\/c2085d9be92331d62dc95e34c031de3e621a1f7c00cf69fb1806336a0f66bb04?s=96&d=mm&r=g","url":"https:\/\/secure.gravatar.com\/avatar\/c2085d9be92331d62dc95e34c031de3e621a1f7c00cf69fb1806336a0f66bb04?s=96&d=mm&r=g","contentUrl":"https:\/\/secure.gravatar.com\/avatar\/c2085d9be92331d62dc95e34c031de3e621a1f7c00cf69fb1806336a0f66bb04?s=96&d=mm&r=g","caption":"lapaoladellaferrotecnica"},"url":"https:\/\/www.laferrotecnica.com\/fr\/author\/lapaoladellaferrotecnica\/"}]}},"_links":{"self":[{"href":"https:\/\/www.laferrotecnica.com\/fr\/wp-json\/wp\/v2\/posts\/1923","targetHints":{"allow":["GET"]}}],"collection":[{"href":"https:\/\/www.laferrotecnica.com\/fr\/wp-json\/wp\/v2\/posts"}],"about":[{"href":"https:\/\/www.laferrotecnica.com\/fr\/wp-json\/wp\/v2\/types\/post"}],"author":[{"embeddable":true,"href":"https:\/\/www.laferrotecnica.com\/fr\/wp-json\/wp\/v2\/users\/3"}],"replies":[{"embeddable":true,"href":"https:\/\/www.laferrotecnica.com\/fr\/wp-json\/wp\/v2\/comments?post=1923"}],"version-history":[{"count":2,"href":"https:\/\/www.laferrotecnica.com\/fr\/wp-json\/wp\/v2\/posts\/1923\/revisions"}],"predecessor-version":[{"id":1925,"href":"https:\/\/www.laferrotecnica.com\/fr\/wp-json\/wp\/v2\/posts\/1923\/revisions\/1925"}],"wp:featuredmedia":[{"embeddable":true,"href":"https:\/\/www.laferrotecnica.com\/fr\/wp-json\/wp\/v2\/media\/47"}],"wp:attachment":[{"href":"https:\/\/www.laferrotecnica.com\/fr\/wp-json\/wp\/v2\/media?parent=1923"}],"wp:term":[{"taxonomy":"category","embeddable":true,"href":"https:\/\/www.laferrotecnica.com\/fr\/wp-json\/wp\/v2\/categories?post=1923"},{"taxonomy":"post_tag","embeddable":true,"href":"https:\/\/www.laferrotecnica.com\/fr\/wp-json\/wp\/v2\/tags?post=1923"}],"curies":[{"name":"wp","href":"https:\/\/api.w.org\/{rel}","templated":true}]}}