{"id":3451,"date":"2026-01-16T14:22:08","date_gmt":"2026-01-16T13:22:08","guid":{"rendered":"https:\/\/www.laferrotecnica.com\/?p=3451"},"modified":"2026-01-16T14:22:08","modified_gmt":"2026-01-16T13:22:08","slug":"complementos-de-mobiliario-para-exteriores","status":"publish","type":"post","link":"https:\/\/www.laferrotecnica.com\/es\/complementos-de-mobiliario-para-exteriores\/","title":{"rendered":"Complementos de mobiliario para exteriores"},"content":{"rendered":"<p data-start=\"0\" data-end=\"73\"><strong data-start=\"0\" data-end=\"73\">Complementos de mobiliario exterior: calidad y dise\u00f1o para tu outdoor<\/strong><\/p>\n<p data-start=\"75\" data-end=\"465\">Si quieres realzar tu jard\u00edn, terraza o espacio exterior, los <strong data-start=\"137\" data-end=\"194\">complementos de mobiliario exterior de LaFerrotecnica<\/strong> combinan est\u00e9tica, resistencia y funcionalidad. Fabricados con materiales de alta calidad como <strong data-start=\"290\" data-end=\"300\">corten<\/strong>, <strong data-start=\"302\" data-end=\"324\">acero efecto \u00f3xido<\/strong> y <strong data-start=\"327\" data-end=\"370\">acero pintado negro de alta temperatura<\/strong>, nuestros productos garantizan durabilidad y un dise\u00f1o cuidado para cualquier tipo de entorno.<\/p>\n<h3 data-start=\"467\" data-end=\"539\">\u00bfPor qu\u00e9 elegir nuestros complementos de mobiliario para exteriores?<\/h3>\n<p data-start=\"541\" data-end=\"714\">Nuestros productos est\u00e1n pensados para resistir a los agentes atmosf\u00e9ricos y aportar un toque de estilo a cualquier espacio outdoor. Entre sus principales ventajas destacan:<\/p>\n<ul data-start=\"716\" data-end=\"1187\">\n<li data-start=\"716\" data-end=\"929\">\n<p data-start=\"718\" data-end=\"929\"><strong data-start=\"718\" data-end=\"744\">Materiales resistentes<\/strong>: el corten desarrolla una p\u00e1tina protectora natural; el acero efecto \u00f3xido ofrece un aspecto envejecido sin degradarse; el acero pintado negro aporta una est\u00e9tica elegante y moderna.<\/p>\n<\/li>\n<li data-start=\"930\" data-end=\"1055\">\n<p data-start=\"932\" data-end=\"1055\"><strong data-start=\"932\" data-end=\"956\">Mantenimiento m\u00ednimo<\/strong>: gracias a la calidad de los materiales, nuestros complementos no requieren cuidados especiales.<\/p>\n<\/li>\n<li data-start=\"1056\" data-end=\"1187\">\n<p data-start=\"1058\" data-end=\"1187\"><strong data-start=\"1058\" data-end=\"1077\">Dise\u00f1o vers\u00e1til<\/strong>: perfectos para ambientes r\u00fasticos, industriales o contempor\u00e1neos, se adaptan a cualquier necesidad est\u00e9tica.<\/p>\n<\/li>\n<\/ul>\n<h3 data-start=\"1189\" data-end=\"1245\">Nuestros productos para amueblar tu espacio exterior<\/h3>\n<p data-start=\"1247\" data-end=\"1325\">En nuestro cat\u00e1logo encontrar\u00e1s una amplia gama de soluciones para tu outdoor:<\/p>\n<ul data-start=\"1327\" data-end=\"1717\">\n<li data-start=\"1327\" data-end=\"1469\">\n<p data-start=\"1329\" data-end=\"1469\"><strong data-start=\"1329\" data-end=\"1342\">Barbacoas<\/strong>: disponibles en corten, efecto \u00f3xido o pintadas en negro de alta temperatura, ideales para cocinar al aire libre con estilo.<\/p>\n<\/li>\n<li data-start=\"1470\" data-end=\"1587\">\n<p data-start=\"1472\" data-end=\"1587\"><strong data-start=\"1472\" data-end=\"1484\">Braseros<\/strong>: elementos decorativos y funcionales que crean una atm\u00f3sfera acogedora en las veladas al aire libre.<\/p>\n<\/li>\n<li data-start=\"1588\" data-end=\"1717\">\n<p data-start=\"1590\" data-end=\"1717\"><strong data-start=\"1590\" data-end=\"1604\">Jardineras<\/strong>: soluciones elegantes y resistentes en corten, perfectas para enriquecer jardines, terrazas y espacios p\u00fablicos.<\/p>\n<\/li>\n<\/ul>\n<h3 data-start=\"1719\" data-end=\"1770\">Descubre la calidad artesanal de LaFerrotecnica<\/h3>\n<p data-start=\"1772\" data-end=\"2030\">Cada producto se realiza con cuidado y atenci\u00f3n al detalle para garantizar durabilidad y dise\u00f1o. Estamos especializados en el trabajo de materiales innovadores y ofrecemos tambi\u00e9n <strong data-start=\"1952\" data-end=\"1981\">soluciones personalizadas<\/strong> para adaptarnos perfectamente a tus necesidades.<\/p>\n<p data-start=\"2032\" data-end=\"2161\" data-is-last-node=\"\" data-is-only-node=\"\">Descubre nuestra colecci\u00f3n de <strong data-start=\"2062\" data-end=\"2101\">complementos de mobiliario exterior<\/strong> y transforma tu espacio al aire libre con estilo y calidad.<\/p>\n","protected":false},"excerpt":{"rendered":"<p>Complementos de mobiliario exterior: calidad y dise\u00f1o para tu outdoor Si quieres realzar tu jard\u00edn, terraza o espacio exterior, los [&hellip;]<\/p>\n","protected":false},"author":1,"featured_media":0,"comment_status":"closed","ping_status":"closed","sticky":false,"template":"","format":"standard","meta":{"_acf_changed":false,"inline_featured_image":false,"footnotes":""},"categories":[56],"tags":[],"class_list":["post-3451","post","type-post","status-publish","format-standard","hentry","category-sin-categoria"],"acf":[],"yoast_head":"<!-- This site is optimized with the Yoast SEO plugin v27.5 - https:\/\/yoast.com\/product\/yoast-seo-wordpress\/ -->\n<title>Complementos de mobiliario para exteriores - LaFerrotecnica<\/title>\n<meta name=\"description\" content=\"Complementos de mobiliario exterior: calidad y dise\u00f1o para tu outdoor Si quieres realzar tu jard\u00edn, terraza o espacio exterior, los complementos de\" \/>\n<meta name=\"robots\" content=\"index, follow, max-snippet:-1, max-image-preview:large, max-video-preview:-1\" \/>\n<link rel=\"canonical\" href=\"https:\/\/www.laferrotecnica.com\/es\/complementos-de-mobiliario-para-exteriores\/\" \/>\n<meta property=\"og:locale\" content=\"es_ES\" \/>\n<meta property=\"og:type\" content=\"article\" \/>\n<meta property=\"og:title\" content=\"Complementos de mobiliario para exteriores - LaFerrotecnica\" \/>\n<meta property=\"og:description\" content=\"Complementos de mobiliario exterior: calidad y dise\u00f1o para tu outdoor Si quieres realzar tu jard\u00edn, terraza o espacio exterior, los complementos de\" \/>\n<meta property=\"og:url\" content=\"https:\/\/www.laferrotecnica.com\/es\/complementos-de-mobiliario-para-exteriores\/\" \/>\n<meta property=\"og:site_name\" content=\"LaFerrotecnica\" \/>\n<meta property=\"article:publisher\" content=\"https:\/\/www.facebook.com\/profile.php?id=100091678810025\" \/>\n<meta property=\"article:published_time\" content=\"2026-01-16T13:22:08+00:00\" \/>\n<meta name=\"author\" content=\"linoolmostudio\" \/>\n<meta name=\"twitter:card\" content=\"summary_large_image\" \/>\n<meta name=\"twitter:label1\" content=\"Escrito por\" \/>\n\t<meta name=\"twitter:data1\" content=\"linoolmostudio\" \/>\n\t<meta name=\"twitter:label2\" content=\"Tiempo de lectura\" \/>\n\t<meta name=\"twitter:data2\" content=\"2 minutos\" \/>\n<script type=\"application\/ld+json\" class=\"yoast-schema-graph\">{\"@context\":\"https:\\\/\\\/schema.org\",\"@graph\":[{\"@type\":\"Article\",\"@id\":\"https:\\\/\\\/www.laferrotecnica.com\\\/es\\\/complementos-de-mobiliario-para-exteriores\\\/#article\",\"isPartOf\":{\"@id\":\"https:\\\/\\\/www.laferrotecnica.com\\\/es\\\/complementos-de-mobiliario-para-exteriores\\\/\"},\"author\":{\"name\":\"linoolmostudio\",\"@id\":\"https:\\\/\\\/www.laferrotecnica.com\\\/es\\\/#\\\/schema\\\/person\\\/f63d152a4f4fa3f428d052df5f114c72\"},\"headline\":\"Complementos de mobiliario para exteriores\",\"datePublished\":\"2026-01-16T13:22:08+00:00\",\"mainEntityOfPage\":{\"@id\":\"https:\\\/\\\/www.laferrotecnica.com\\\/es\\\/complementos-de-mobiliario-para-exteriores\\\/\"},\"wordCount\":312,\"inLanguage\":\"es\"},{\"@type\":\"WebPage\",\"@id\":\"https:\\\/\\\/www.laferrotecnica.com\\\/es\\\/complementos-de-mobiliario-para-exteriores\\\/\",\"url\":\"https:\\\/\\\/www.laferrotecnica.com\\\/es\\\/complementos-de-mobiliario-para-exteriores\\\/\",\"name\":\"Complementos de mobiliario para exteriores - LaFerrotecnica\",\"isPartOf\":{\"@id\":\"https:\\\/\\\/www.laferrotecnica.com\\\/es\\\/#website\"},\"datePublished\":\"2026-01-16T13:22:08+00:00\",\"author\":{\"@id\":\"https:\\\/\\\/www.laferrotecnica.com\\\/es\\\/#\\\/schema\\\/person\\\/f63d152a4f4fa3f428d052df5f114c72\"},\"description\":\"Complementos de mobiliario exterior: calidad y dise\u00f1o para tu outdoor Si quieres realzar tu jard\u00edn, terraza o espacio exterior, los complementos de\",\"breadcrumb\":{\"@id\":\"https:\\\/\\\/www.laferrotecnica.com\\\/es\\\/complementos-de-mobiliario-para-exteriores\\\/#breadcrumb\"},\"inLanguage\":\"es\",\"potentialAction\":[{\"@type\":\"ReadAction\",\"target\":[\"https:\\\/\\\/www.laferrotecnica.com\\\/es\\\/complementos-de-mobiliario-para-exteriores\\\/\"]}]},{\"@type\":\"BreadcrumbList\",\"@id\":\"https:\\\/\\\/www.laferrotecnica.com\\\/es\\\/complementos-de-mobiliario-para-exteriores\\\/#breadcrumb\",\"itemListElement\":[{\"@type\":\"ListItem\",\"position\":1,\"name\":\"Home\",\"item\":\"https:\\\/\\\/www.laferrotecnica.com\\\/es\\\/\"},{\"@type\":\"ListItem\",\"position\":2,\"name\":\"Complementos de mobiliario para exteriores\"}]},{\"@type\":\"WebSite\",\"@id\":\"https:\\\/\\\/www.laferrotecnica.com\\\/es\\\/#website\",\"url\":\"https:\\\/\\\/www.laferrotecnica.com\\\/es\\\/\",\"name\":\"La Ferro Tecnica\",\"description\":\"Barbecue, bracieri per giardino e accessori per il caminetto\",\"potentialAction\":[{\"@type\":\"SearchAction\",\"target\":{\"@type\":\"EntryPoint\",\"urlTemplate\":\"https:\\\/\\\/www.laferrotecnica.com\\\/es\\\/?s={search_term_string}\"},\"query-input\":{\"@type\":\"PropertyValueSpecification\",\"valueRequired\":true,\"valueName\":\"search_term_string\"}}],\"inLanguage\":\"es\"},{\"@type\":\"Person\",\"@id\":\"https:\\\/\\\/www.laferrotecnica.com\\\/es\\\/#\\\/schema\\\/person\\\/f63d152a4f4fa3f428d052df5f114c72\",\"name\":\"linoolmostudio\",\"image\":{\"@type\":\"ImageObject\",\"inLanguage\":\"es\",\"@id\":\"https:\\\/\\\/secure.gravatar.com\\\/avatar\\\/909eb767562adfac067add0758ed4a42f33cbb31de71894de7d312bb4c9bf0ed?s=96&d=mm&r=g\",\"url\":\"https:\\\/\\\/secure.gravatar.com\\\/avatar\\\/909eb767562adfac067add0758ed4a42f33cbb31de71894de7d312bb4c9bf0ed?s=96&d=mm&r=g\",\"contentUrl\":\"https:\\\/\\\/secure.gravatar.com\\\/avatar\\\/909eb767562adfac067add0758ed4a42f33cbb31de71894de7d312bb4c9bf0ed?s=96&d=mm&r=g\",\"caption\":\"linoolmostudio\"},\"sameAs\":[\"https:\\\/\\\/www.laferrotecnica.com\"],\"url\":\"https:\\\/\\\/www.laferrotecnica.com\\\/es\\\/author\\\/linoolmostudio\\\/\"}]}<\/script>\n<!-- \/ Yoast SEO plugin. -->","yoast_head_json":{"title":"Complementos de mobiliario para exteriores - LaFerrotecnica","description":"Complementos de mobiliario exterior: calidad y dise\u00f1o para tu outdoor Si quieres realzar tu jard\u00edn, terraza o espacio exterior, los complementos de","robots":{"index":"index","follow":"follow","max-snippet":"max-snippet:-1","max-image-preview":"max-image-preview:large","max-video-preview":"max-video-preview:-1"},"canonical":"https:\/\/www.laferrotecnica.com\/es\/complementos-de-mobiliario-para-exteriores\/","og_locale":"es_ES","og_type":"article","og_title":"Complementos de mobiliario para exteriores - LaFerrotecnica","og_description":"Complementos de mobiliario exterior: calidad y dise\u00f1o para tu outdoor Si quieres realzar tu jard\u00edn, terraza o espacio exterior, los complementos de","og_url":"https:\/\/www.laferrotecnica.com\/es\/complementos-de-mobiliario-para-exteriores\/","og_site_name":"LaFerrotecnica","article_publisher":"https:\/\/www.facebook.com\/profile.php?id=100091678810025","article_published_time":"2026-01-16T13:22:08+00:00","author":"linoolmostudio","twitter_card":"summary_large_image","twitter_misc":{"Escrito por":"linoolmostudio","Tiempo de lectura":"2 minutos"},"schema":{"@context":"https:\/\/schema.org","@graph":[{"@type":"Article","@id":"https:\/\/www.laferrotecnica.com\/es\/complementos-de-mobiliario-para-exteriores\/#article","isPartOf":{"@id":"https:\/\/www.laferrotecnica.com\/es\/complementos-de-mobiliario-para-exteriores\/"},"author":{"name":"linoolmostudio","@id":"https:\/\/www.laferrotecnica.com\/es\/#\/schema\/person\/f63d152a4f4fa3f428d052df5f114c72"},"headline":"Complementos de mobiliario para exteriores","datePublished":"2026-01-16T13:22:08+00:00","mainEntityOfPage":{"@id":"https:\/\/www.laferrotecnica.com\/es\/complementos-de-mobiliario-para-exteriores\/"},"wordCount":312,"inLanguage":"es"},{"@type":"WebPage","@id":"https:\/\/www.laferrotecnica.com\/es\/complementos-de-mobiliario-para-exteriores\/","url":"https:\/\/www.laferrotecnica.com\/es\/complementos-de-mobiliario-para-exteriores\/","name":"Complementos de mobiliario para exteriores - LaFerrotecnica","isPartOf":{"@id":"https:\/\/www.laferrotecnica.com\/es\/#website"},"datePublished":"2026-01-16T13:22:08+00:00","author":{"@id":"https:\/\/www.laferrotecnica.com\/es\/#\/schema\/person\/f63d152a4f4fa3f428d052df5f114c72"},"description":"Complementos de mobiliario exterior: calidad y dise\u00f1o para tu outdoor Si quieres realzar tu jard\u00edn, terraza o espacio exterior, los complementos de","breadcrumb":{"@id":"https:\/\/www.laferrotecnica.com\/es\/complementos-de-mobiliario-para-exteriores\/#breadcrumb"},"inLanguage":"es","potentialAction":[{"@type":"ReadAction","target":["https:\/\/www.laferrotecnica.com\/es\/complementos-de-mobiliario-para-exteriores\/"]}]},{"@type":"BreadcrumbList","@id":"https:\/\/www.laferrotecnica.com\/es\/complementos-de-mobiliario-para-exteriores\/#breadcrumb","itemListElement":[{"@type":"ListItem","position":1,"name":"Home","item":"https:\/\/www.laferrotecnica.com\/es\/"},{"@type":"ListItem","position":2,"name":"Complementos de mobiliario para exteriores"}]},{"@type":"WebSite","@id":"https:\/\/www.laferrotecnica.com\/es\/#website","url":"https:\/\/www.laferrotecnica.com\/es\/","name":"La Ferro Tecnica","description":"Barbecue, bracieri per giardino e accessori per il caminetto","potentialAction":[{"@type":"SearchAction","target":{"@type":"EntryPoint","urlTemplate":"https:\/\/www.laferrotecnica.com\/es\/?s={search_term_string}"},"query-input":{"@type":"PropertyValueSpecification","valueRequired":true,"valueName":"search_term_string"}}],"inLanguage":"es"},{"@type":"Person","@id":"https:\/\/www.laferrotecnica.com\/es\/#\/schema\/person\/f63d152a4f4fa3f428d052df5f114c72","name":"linoolmostudio","image":{"@type":"ImageObject","inLanguage":"es","@id":"https:\/\/secure.gravatar.com\/avatar\/909eb767562adfac067add0758ed4a42f33cbb31de71894de7d312bb4c9bf0ed?s=96&d=mm&r=g","url":"https:\/\/secure.gravatar.com\/avatar\/909eb767562adfac067add0758ed4a42f33cbb31de71894de7d312bb4c9bf0ed?s=96&d=mm&r=g","contentUrl":"https:\/\/secure.gravatar.com\/avatar\/909eb767562adfac067add0758ed4a42f33cbb31de71894de7d312bb4c9bf0ed?s=96&d=mm&r=g","caption":"linoolmostudio"},"sameAs":["https:\/\/www.laferrotecnica.com"],"url":"https:\/\/www.laferrotecnica.com\/es\/author\/linoolmostudio\/"}]}},"_links":{"self":[{"href":"https:\/\/www.laferrotecnica.com\/es\/wp-json\/wp\/v2\/posts\/3451","targetHints":{"allow":["GET"]}}],"collection":[{"href":"https:\/\/www.laferrotecnica.com\/es\/wp-json\/wp\/v2\/posts"}],"about":[{"href":"https:\/\/www.laferrotecnica.com\/es\/wp-json\/wp\/v2\/types\/post"}],"author":[{"embeddable":true,"href":"https:\/\/www.laferrotecnica.com\/es\/wp-json\/wp\/v2\/users\/1"}],"replies":[{"embeddable":true,"href":"https:\/\/www.laferrotecnica.com\/es\/wp-json\/wp\/v2\/comments?post=3451"}],"version-history":[{"count":1,"href":"https:\/\/www.laferrotecnica.com\/es\/wp-json\/wp\/v2\/posts\/3451\/revisions"}],"predecessor-version":[{"id":3452,"href":"https:\/\/www.laferrotecnica.com\/es\/wp-json\/wp\/v2\/posts\/3451\/revisions\/3452"}],"wp:attachment":[{"href":"https:\/\/www.laferrotecnica.com\/es\/wp-json\/wp\/v2\/media?parent=3451"}],"wp:term":[{"taxonomy":"category","embeddable":true,"href":"https:\/\/www.laferrotecnica.com\/es\/wp-json\/wp\/v2\/categories?post=3451"},{"taxonomy":"post_tag","embeddable":true,"href":"https:\/\/www.laferrotecnica.com\/es\/wp-json\/wp\/v2\/tags?post=3451"}],"curies":[{"name":"wp","href":"https:\/\/api.w.org\/{rel}","templated":true}]}}