{"id":3445,"date":"2026-01-16T14:17:30","date_gmt":"2026-01-16T13:17:30","guid":{"rendered":"https:\/\/www.laferrotecnica.com\/?p=3445"},"modified":"2026-01-16T14:17:30","modified_gmt":"2026-01-16T13:17:30","slug":"braseros-para-jardin","status":"publish","type":"post","link":"https:\/\/www.laferrotecnica.com\/es\/braseros-para-jardin\/","title":{"rendered":"Braseros para jard\u00edn"},"content":{"rendered":"<p data-start=\"0\" data-end=\"48\"><strong data-start=\"0\" data-end=\"48\">Atm\u00f3sfera, calor y dise\u00f1o con LaFerrotecnica<\/strong><\/p>\n<p data-start=\"50\" data-end=\"453\">\u00bfQuieres transformar tu jard\u00edn en un rinc\u00f3n de relax y convivencia? Los <strong data-start=\"122\" data-end=\"164\">braseros para jard\u00edn de LaFerrotecnica<\/strong> son la soluci\u00f3n perfecta para a\u00f1adir calor, ambiente y un toque de dise\u00f1o a tus espacios exteriores. Ideales para terrazas, patios y jardines, nuestros braseros de exterior combinan materiales de alt\u00edsima calidad con un estilo refinado, para ofrecerte una experiencia \u00fanica al aire libre.<\/p>\n<h3 data-start=\"455\" data-end=\"508\">Braseros de jard\u00edn: mucho m\u00e1s que un simple hogar<\/h3>\n<p data-start=\"510\" data-end=\"805\">Los braseros para jard\u00edn no son solo una fuente de calor, sino aut\u00e9nticos elementos de mobiliario que hacen acogedor cualquier entorno exterior. Ya sea una velada entre amigos, una cena al aire libre o un momento de relax bajo las estrellas, un brasero crea una atm\u00f3sfera sugerente y envolvente.<\/p>\n<p data-start=\"807\" data-end=\"1028\">Gracias a la calidad de los materiales y al cuidado artesanal que caracteriza cada producto de LaFerrotecnica, nuestros braseros garantizan durabilidad, resistencia a los agentes atmosf\u00e9ricos y m\u00e1xima seguridad en su uso.<\/p>\n<h3 data-start=\"1030\" data-end=\"1086\">\u00bfPor qu\u00e9 elegir un brasero de jard\u00edn LaFerrotecnica?<\/h3>\n<ul data-start=\"1088\" data-end=\"1778\">\n<li data-start=\"1088\" data-end=\"1228\">\n<p data-start=\"1090\" data-end=\"1228\"><strong data-start=\"1090\" data-end=\"1110\">Dise\u00f1o exclusivo<\/strong> \u2013 L\u00edneas elegantes y acabados cuidados para integrarse perfectamente en cualquier ambiente, del cl\u00e1sico al moderno.<\/p>\n<\/li>\n<li data-start=\"1229\" data-end=\"1378\">\n<p data-start=\"1231\" data-end=\"1378\"><strong data-start=\"1231\" data-end=\"1257\">Materiales resistentes<\/strong> \u2013 Fabricados en acero y corten, nuestros braseros resisten el \u00f3xido y la intemperie, garantizando una larga vida \u00fatil.<\/p>\n<\/li>\n<li data-start=\"1379\" data-end=\"1512\">\n<p data-start=\"1381\" data-end=\"1512\"><strong data-start=\"1381\" data-end=\"1404\">Versatilidad de uso<\/strong> \u2013 Perfectos para calentar las noches m\u00e1s frescas, crear un punto focal decorativo e incluso para cocinar.<\/p>\n<\/li>\n<li data-start=\"1513\" data-end=\"1633\">\n<p data-start=\"1515\" data-end=\"1633\"><strong data-start=\"1515\" data-end=\"1534\">F\u00e1ciles de usar<\/strong> \u2013 Pr\u00e1cticos de encender y mantener, para una experiencia sin estr\u00e9s y de bajo impacto ambiental.<\/p>\n<\/li>\n<li data-start=\"1634\" data-end=\"1778\">\n<p data-start=\"1636\" data-end=\"1778\"><strong data-start=\"1636\" data-end=\"1664\">Producci\u00f3n Made in Italy<\/strong> \u2013 Cada brasero es fruto de nuestra experiencia en el trabajo del metal, sin\u00f3nimo de calidad y artesan\u00eda italiana.<\/p>\n<\/li>\n<\/ul>\n<p data-start=\"1780\" data-end=\"2117\">Los <strong data-start=\"1784\" data-end=\"1805\">braseros de acero<\/strong> son ideales para quienes buscan un dise\u00f1o contempor\u00e1neo y minimalista, mientras que los <strong data-start=\"1894\" data-end=\"1916\">braseros de corten<\/strong> destacan por su acabado natural, que evoluciona con el tiempo adquiriendo matices \u00fanicos y fascinantes. Ambas opciones est\u00e1n dise\u00f1adas para ofrecer resistencia, estabilidad y una est\u00e9tica sofisticada.<\/p>\n<h3 data-start=\"2119\" data-end=\"2158\">\u00bfD\u00f3nde usar un brasero de exterior?<\/h3>\n<ul data-start=\"2160\" data-end=\"2481\">\n<li data-start=\"2160\" data-end=\"2226\">\n<p data-start=\"2162\" data-end=\"2226\"><strong data-start=\"2162\" data-end=\"2172\">Jard\u00edn<\/strong>, para crear una zona de relax acogedora y refinada.<\/p>\n<\/li>\n<li data-start=\"2227\" data-end=\"2312\">\n<p data-start=\"2229\" data-end=\"2312\"><strong data-start=\"2229\" data-end=\"2240\">Terraza<\/strong>, para a\u00f1adir un toque de dise\u00f1o y calor sin ocupar demasiado espacio.<\/p>\n<\/li>\n<li data-start=\"2313\" data-end=\"2386\">\n<p data-start=\"2315\" data-end=\"2386\"><strong data-start=\"2315\" data-end=\"2324\">Patio<\/strong>, para veladas conviviales alrededor del fuego y el confort.<\/p>\n<\/li>\n<li data-start=\"2387\" data-end=\"2481\">\n<p data-start=\"2389\" data-end=\"2481\"><strong data-start=\"2389\" data-end=\"2429\">Agroturismos y locales al aire libre<\/strong>, para ofrecer una experiencia \u00fanica a los clientes.<\/p>\n<\/li>\n<\/ul>\n<h3 data-start=\"2483\" data-end=\"2535\">Descubre los braseros para jard\u00edn LaFerrotecnica<\/h3>\n<p data-start=\"2537\" data-end=\"2697\" data-is-last-node=\"\" data-is-only-node=\"\">Si quieres dar un nuevo car\u00e1cter a tus espacios exteriores y disfrutar del calor del fuego en cualquier estaci\u00f3n, elige un <strong data-start=\"2660\" data-end=\"2696\">brasero de jard\u00edn LaFerrotecnica<\/strong>.<\/p>\n","protected":false},"excerpt":{"rendered":"<p>Atm\u00f3sfera, calor y dise\u00f1o con LaFerrotecnica \u00bfQuieres transformar tu jard\u00edn en un rinc\u00f3n de relax y convivencia? Los braseros para [&hellip;]<\/p>\n","protected":false},"author":1,"featured_media":0,"comment_status":"closed","ping_status":"closed","sticky":false,"template":"","format":"standard","meta":{"_acf_changed":false,"inline_featured_image":false,"footnotes":""},"categories":[56],"tags":[],"class_list":["post-3445","post","type-post","status-publish","format-standard","hentry","category-sin-categoria"],"acf":[],"yoast_head":"<!-- This site is optimized with the Yoast SEO plugin v27.5 - https:\/\/yoast.com\/product\/yoast-seo-wordpress\/ -->\n<title>Braseros para jard\u00edn - LaFerrotecnica<\/title>\n<meta name=\"description\" content=\"Atm\u00f3sfera, calor y dise\u00f1o con LaFerrotecnica \u00bfQuieres transformar tu jard\u00edn en un rinc\u00f3n de relax y convivencia? Los braseros para jard\u00edn de\" \/>\n<meta name=\"robots\" content=\"index, follow, max-snippet:-1, max-image-preview:large, max-video-preview:-1\" \/>\n<link rel=\"canonical\" href=\"https:\/\/www.laferrotecnica.com\/es\/braseros-para-jardin\/\" \/>\n<meta property=\"og:locale\" content=\"es_ES\" \/>\n<meta property=\"og:type\" content=\"article\" \/>\n<meta property=\"og:title\" content=\"Braseros para jard\u00edn - LaFerrotecnica\" \/>\n<meta property=\"og:description\" content=\"Atm\u00f3sfera, calor y dise\u00f1o con LaFerrotecnica \u00bfQuieres transformar tu jard\u00edn en un rinc\u00f3n de relax y convivencia? Los braseros para jard\u00edn de\" \/>\n<meta property=\"og:url\" content=\"https:\/\/www.laferrotecnica.com\/es\/braseros-para-jardin\/\" \/>\n<meta property=\"og:site_name\" content=\"LaFerrotecnica\" \/>\n<meta property=\"article:publisher\" content=\"https:\/\/www.facebook.com\/profile.php?id=100091678810025\" \/>\n<meta property=\"article:published_time\" content=\"2026-01-16T13:17:30+00:00\" \/>\n<meta name=\"author\" content=\"linoolmostudio\" \/>\n<meta name=\"twitter:card\" content=\"summary_large_image\" \/>\n<meta name=\"twitter:label1\" content=\"Escrito por\" \/>\n\t<meta name=\"twitter:data1\" content=\"linoolmostudio\" \/>\n\t<meta name=\"twitter:label2\" content=\"Tiempo de lectura\" \/>\n\t<meta name=\"twitter:data2\" content=\"3 minutos\" \/>\n<script type=\"application\/ld+json\" class=\"yoast-schema-graph\">{\"@context\":\"https:\\\/\\\/schema.org\",\"@graph\":[{\"@type\":\"Article\",\"@id\":\"https:\\\/\\\/www.laferrotecnica.com\\\/es\\\/braseros-para-jardin\\\/#article\",\"isPartOf\":{\"@id\":\"https:\\\/\\\/www.laferrotecnica.com\\\/es\\\/braseros-para-jardin\\\/\"},\"author\":{\"name\":\"linoolmostudio\",\"@id\":\"https:\\\/\\\/www.laferrotecnica.com\\\/es\\\/#\\\/schema\\\/person\\\/f63d152a4f4fa3f428d052df5f114c72\"},\"headline\":\"Braseros para jard\u00edn\",\"datePublished\":\"2026-01-16T13:17:30+00:00\",\"mainEntityOfPage\":{\"@id\":\"https:\\\/\\\/www.laferrotecnica.com\\\/es\\\/braseros-para-jardin\\\/\"},\"wordCount\":436,\"inLanguage\":\"es\"},{\"@type\":\"WebPage\",\"@id\":\"https:\\\/\\\/www.laferrotecnica.com\\\/es\\\/braseros-para-jardin\\\/\",\"url\":\"https:\\\/\\\/www.laferrotecnica.com\\\/es\\\/braseros-para-jardin\\\/\",\"name\":\"Braseros para jard\u00edn - LaFerrotecnica\",\"isPartOf\":{\"@id\":\"https:\\\/\\\/www.laferrotecnica.com\\\/es\\\/#website\"},\"datePublished\":\"2026-01-16T13:17:30+00:00\",\"author\":{\"@id\":\"https:\\\/\\\/www.laferrotecnica.com\\\/es\\\/#\\\/schema\\\/person\\\/f63d152a4f4fa3f428d052df5f114c72\"},\"description\":\"Atm\u00f3sfera, calor y dise\u00f1o con LaFerrotecnica \u00bfQuieres transformar tu jard\u00edn en un rinc\u00f3n de relax y convivencia? Los braseros para jard\u00edn de\",\"breadcrumb\":{\"@id\":\"https:\\\/\\\/www.laferrotecnica.com\\\/es\\\/braseros-para-jardin\\\/#breadcrumb\"},\"inLanguage\":\"es\",\"potentialAction\":[{\"@type\":\"ReadAction\",\"target\":[\"https:\\\/\\\/www.laferrotecnica.com\\\/es\\\/braseros-para-jardin\\\/\"]}]},{\"@type\":\"BreadcrumbList\",\"@id\":\"https:\\\/\\\/www.laferrotecnica.com\\\/es\\\/braseros-para-jardin\\\/#breadcrumb\",\"itemListElement\":[{\"@type\":\"ListItem\",\"position\":1,\"name\":\"Home\",\"item\":\"https:\\\/\\\/www.laferrotecnica.com\\\/es\\\/\"},{\"@type\":\"ListItem\",\"position\":2,\"name\":\"Braseros para jard\u00edn\"}]},{\"@type\":\"WebSite\",\"@id\":\"https:\\\/\\\/www.laferrotecnica.com\\\/es\\\/#website\",\"url\":\"https:\\\/\\\/www.laferrotecnica.com\\\/es\\\/\",\"name\":\"La Ferro Tecnica\",\"description\":\"Barbecue, bracieri per giardino e accessori per il caminetto\",\"potentialAction\":[{\"@type\":\"SearchAction\",\"target\":{\"@type\":\"EntryPoint\",\"urlTemplate\":\"https:\\\/\\\/www.laferrotecnica.com\\\/es\\\/?s={search_term_string}\"},\"query-input\":{\"@type\":\"PropertyValueSpecification\",\"valueRequired\":true,\"valueName\":\"search_term_string\"}}],\"inLanguage\":\"es\"},{\"@type\":\"Person\",\"@id\":\"https:\\\/\\\/www.laferrotecnica.com\\\/es\\\/#\\\/schema\\\/person\\\/f63d152a4f4fa3f428d052df5f114c72\",\"name\":\"linoolmostudio\",\"image\":{\"@type\":\"ImageObject\",\"inLanguage\":\"es\",\"@id\":\"https:\\\/\\\/secure.gravatar.com\\\/avatar\\\/909eb767562adfac067add0758ed4a42f33cbb31de71894de7d312bb4c9bf0ed?s=96&d=mm&r=g\",\"url\":\"https:\\\/\\\/secure.gravatar.com\\\/avatar\\\/909eb767562adfac067add0758ed4a42f33cbb31de71894de7d312bb4c9bf0ed?s=96&d=mm&r=g\",\"contentUrl\":\"https:\\\/\\\/secure.gravatar.com\\\/avatar\\\/909eb767562adfac067add0758ed4a42f33cbb31de71894de7d312bb4c9bf0ed?s=96&d=mm&r=g\",\"caption\":\"linoolmostudio\"},\"sameAs\":[\"https:\\\/\\\/www.laferrotecnica.com\"],\"url\":\"https:\\\/\\\/www.laferrotecnica.com\\\/es\\\/author\\\/linoolmostudio\\\/\"}]}<\/script>\n<!-- \/ Yoast SEO plugin. -->","yoast_head_json":{"title":"Braseros para jard\u00edn - LaFerrotecnica","description":"Atm\u00f3sfera, calor y dise\u00f1o con LaFerrotecnica \u00bfQuieres transformar tu jard\u00edn en un rinc\u00f3n de relax y convivencia? Los braseros para jard\u00edn de","robots":{"index":"index","follow":"follow","max-snippet":"max-snippet:-1","max-image-preview":"max-image-preview:large","max-video-preview":"max-video-preview:-1"},"canonical":"https:\/\/www.laferrotecnica.com\/es\/braseros-para-jardin\/","og_locale":"es_ES","og_type":"article","og_title":"Braseros para jard\u00edn - LaFerrotecnica","og_description":"Atm\u00f3sfera, calor y dise\u00f1o con LaFerrotecnica \u00bfQuieres transformar tu jard\u00edn en un rinc\u00f3n de relax y convivencia? Los braseros para jard\u00edn de","og_url":"https:\/\/www.laferrotecnica.com\/es\/braseros-para-jardin\/","og_site_name":"LaFerrotecnica","article_publisher":"https:\/\/www.facebook.com\/profile.php?id=100091678810025","article_published_time":"2026-01-16T13:17:30+00:00","author":"linoolmostudio","twitter_card":"summary_large_image","twitter_misc":{"Escrito por":"linoolmostudio","Tiempo de lectura":"3 minutos"},"schema":{"@context":"https:\/\/schema.org","@graph":[{"@type":"Article","@id":"https:\/\/www.laferrotecnica.com\/es\/braseros-para-jardin\/#article","isPartOf":{"@id":"https:\/\/www.laferrotecnica.com\/es\/braseros-para-jardin\/"},"author":{"name":"linoolmostudio","@id":"https:\/\/www.laferrotecnica.com\/es\/#\/schema\/person\/f63d152a4f4fa3f428d052df5f114c72"},"headline":"Braseros para jard\u00edn","datePublished":"2026-01-16T13:17:30+00:00","mainEntityOfPage":{"@id":"https:\/\/www.laferrotecnica.com\/es\/braseros-para-jardin\/"},"wordCount":436,"inLanguage":"es"},{"@type":"WebPage","@id":"https:\/\/www.laferrotecnica.com\/es\/braseros-para-jardin\/","url":"https:\/\/www.laferrotecnica.com\/es\/braseros-para-jardin\/","name":"Braseros para jard\u00edn - LaFerrotecnica","isPartOf":{"@id":"https:\/\/www.laferrotecnica.com\/es\/#website"},"datePublished":"2026-01-16T13:17:30+00:00","author":{"@id":"https:\/\/www.laferrotecnica.com\/es\/#\/schema\/person\/f63d152a4f4fa3f428d052df5f114c72"},"description":"Atm\u00f3sfera, calor y dise\u00f1o con LaFerrotecnica \u00bfQuieres transformar tu jard\u00edn en un rinc\u00f3n de relax y convivencia? Los braseros para jard\u00edn de","breadcrumb":{"@id":"https:\/\/www.laferrotecnica.com\/es\/braseros-para-jardin\/#breadcrumb"},"inLanguage":"es","potentialAction":[{"@type":"ReadAction","target":["https:\/\/www.laferrotecnica.com\/es\/braseros-para-jardin\/"]}]},{"@type":"BreadcrumbList","@id":"https:\/\/www.laferrotecnica.com\/es\/braseros-para-jardin\/#breadcrumb","itemListElement":[{"@type":"ListItem","position":1,"name":"Home","item":"https:\/\/www.laferrotecnica.com\/es\/"},{"@type":"ListItem","position":2,"name":"Braseros para jard\u00edn"}]},{"@type":"WebSite","@id":"https:\/\/www.laferrotecnica.com\/es\/#website","url":"https:\/\/www.laferrotecnica.com\/es\/","name":"La Ferro Tecnica","description":"Barbecue, bracieri per giardino e accessori per il caminetto","potentialAction":[{"@type":"SearchAction","target":{"@type":"EntryPoint","urlTemplate":"https:\/\/www.laferrotecnica.com\/es\/?s={search_term_string}"},"query-input":{"@type":"PropertyValueSpecification","valueRequired":true,"valueName":"search_term_string"}}],"inLanguage":"es"},{"@type":"Person","@id":"https:\/\/www.laferrotecnica.com\/es\/#\/schema\/person\/f63d152a4f4fa3f428d052df5f114c72","name":"linoolmostudio","image":{"@type":"ImageObject","inLanguage":"es","@id":"https:\/\/secure.gravatar.com\/avatar\/909eb767562adfac067add0758ed4a42f33cbb31de71894de7d312bb4c9bf0ed?s=96&d=mm&r=g","url":"https:\/\/secure.gravatar.com\/avatar\/909eb767562adfac067add0758ed4a42f33cbb31de71894de7d312bb4c9bf0ed?s=96&d=mm&r=g","contentUrl":"https:\/\/secure.gravatar.com\/avatar\/909eb767562adfac067add0758ed4a42f33cbb31de71894de7d312bb4c9bf0ed?s=96&d=mm&r=g","caption":"linoolmostudio"},"sameAs":["https:\/\/www.laferrotecnica.com"],"url":"https:\/\/www.laferrotecnica.com\/es\/author\/linoolmostudio\/"}]}},"_links":{"self":[{"href":"https:\/\/www.laferrotecnica.com\/es\/wp-json\/wp\/v2\/posts\/3445","targetHints":{"allow":["GET"]}}],"collection":[{"href":"https:\/\/www.laferrotecnica.com\/es\/wp-json\/wp\/v2\/posts"}],"about":[{"href":"https:\/\/www.laferrotecnica.com\/es\/wp-json\/wp\/v2\/types\/post"}],"author":[{"embeddable":true,"href":"https:\/\/www.laferrotecnica.com\/es\/wp-json\/wp\/v2\/users\/1"}],"replies":[{"embeddable":true,"href":"https:\/\/www.laferrotecnica.com\/es\/wp-json\/wp\/v2\/comments?post=3445"}],"version-history":[{"count":1,"href":"https:\/\/www.laferrotecnica.com\/es\/wp-json\/wp\/v2\/posts\/3445\/revisions"}],"predecessor-version":[{"id":3446,"href":"https:\/\/www.laferrotecnica.com\/es\/wp-json\/wp\/v2\/posts\/3445\/revisions\/3446"}],"wp:attachment":[{"href":"https:\/\/www.laferrotecnica.com\/es\/wp-json\/wp\/v2\/media?parent=3445"}],"wp:term":[{"taxonomy":"category","embeddable":true,"href":"https:\/\/www.laferrotecnica.com\/es\/wp-json\/wp\/v2\/categories?post=3445"},{"taxonomy":"post_tag","embeddable":true,"href":"https:\/\/www.laferrotecnica.com\/es\/wp-json\/wp\/v2\/tags?post=3445"}],"curies":[{"name":"wp","href":"https:\/\/api.w.org\/{rel}","templated":true}]}}