{"id":3435,"date":"2026-01-16T13:00:53","date_gmt":"2026-01-16T12:00:53","guid":{"rendered":"https:\/\/www.laferrotecnica.com\/?p=3435"},"modified":"2026-01-16T13:00:53","modified_gmt":"2026-01-16T12:00:53","slug":"mobiliario-de-jardin","status":"publish","type":"post","link":"https:\/\/www.laferrotecnica.com\/es\/mobiliario-de-jardin\/","title":{"rendered":"Mobiliario de jard\u00edn"},"content":{"rendered":"<p data-start=\"0\" data-end=\"71\"><strong data-start=\"0\" data-end=\"71\">Braseros, barbacoas y jardineras para un espacio exterior de dise\u00f1o<\/strong><\/p>\n<p data-start=\"73\" data-end=\"346\">Si deseas un jard\u00edn acogedor y funcional, el <strong data-start=\"118\" data-end=\"160\">mobiliario de jard\u00edn de LaFerrotecnica<\/strong> es la soluci\u00f3n perfecta. Nuestros productos en hierro y corten combinan est\u00e9tica y resistencia, transformando cualquier espacio exterior en un \u00e1rea ideal para el relax y la convivencia.<\/p>\n<h3 data-start=\"348\" data-end=\"395\">Los productos LaFerrotecnica para tu jard\u00edn<\/h3>\n<p data-start=\"397\" data-end=\"513\">Ofrecemos una selecci\u00f3n de complementos \u00fanicos, pensados para durar en el tiempo y realzar tu espacio al aire libre:<\/p>\n<p data-start=\"515\" data-end=\"796\"><strong data-start=\"515\" data-end=\"528\">Barbacoas<\/strong> \u2013 Perfectas para los amantes de la parrilla, nuestras barbacoas de hierro son robustas, resistentes a las altas temperaturas y dise\u00f1adas para una cocci\u00f3n \u00f3ptima. Ideales para parrilladas en el jard\u00edn, en la terraza o de camping, son sin\u00f3nimo de calidad y practicidad.<\/p>\n<p data-start=\"798\" data-end=\"1070\"><strong data-start=\"798\" data-end=\"822\">Braseros de exterior<\/strong> \u2013 A\u00f1ade un toque de calidez a tus veladas al aire libre con un brasero de dise\u00f1o \u00fanico. Fabricados en hierro o corten, nuestros braseros crean una atm\u00f3sfera acogedora y permiten disfrutar del espacio exterior incluso en las estaciones m\u00e1s frescas.<\/p>\n<p data-start=\"1072\" data-end=\"1407\"><strong data-start=\"1072\" data-end=\"1096\">Jardineras de corten<\/strong> \u2013 Resistentes y de encanto atemporal, nuestras jardineras de corten son perfectas para decorar jardines, terrazas y balcones con un estilo refinado. El corten, gracias a su p\u00e1tina natural, no solo aporta un aspecto elegante, sino que tambi\u00e9n garantiza una protecci\u00f3n duradera frente a los agentes atmosf\u00e9ricos.<\/p>\n<h3 data-start=\"1409\" data-end=\"1471\">\u00bfPor qu\u00e9 elegir el mobiliario de jard\u00edn de LaFerrotecnica?<\/h3>\n<ul data-start=\"1473\" data-end=\"1942\">\n<li data-start=\"1473\" data-end=\"1600\">\n<p data-start=\"1475\" data-end=\"1600\"><strong data-start=\"1475\" data-end=\"1500\">Materiales de calidad<\/strong> \u2013 Utilizamos hierro y corten para asegurar durabilidad, resistencia y una est\u00e9tica inconfundible.<\/p>\n<\/li>\n<li data-start=\"1601\" data-end=\"1702\">\n<p data-start=\"1603\" data-end=\"1702\"><strong data-start=\"1603\" data-end=\"1623\">Dise\u00f1o artesanal<\/strong> \u2013 Cada producto se realiza con esmero, combinando funcionalidad y elegancia.<\/p>\n<\/li>\n<li data-start=\"1703\" data-end=\"1810\">\n<p data-start=\"1705\" data-end=\"1810\"><strong data-start=\"1705\" data-end=\"1721\">Versatilidad<\/strong> \u2013 Ideales para jardines, terrazas, balcones y espacios exteriores de cualquier tama\u00f1o.<\/p>\n<\/li>\n<li data-start=\"1811\" data-end=\"1942\">\n<p data-start=\"1813\" data-end=\"1942\"><strong data-start=\"1813\" data-end=\"1841\">Producci\u00f3n Made in Italy<\/strong> \u2013 Trabajamos con pasi\u00f3n para ofrecerte complementos de mobiliario \u00fanicos y resistentes en el tiempo.<\/p>\n<\/li>\n<\/ul>\n<p data-start=\"1944\" data-end=\"2032\" data-is-last-node=\"\" data-is-only-node=\"\">Con LaFerrotecnica, transformar tu jard\u00edn en un entorno refinado y acogedor es sencillo.<\/p>\n","protected":false},"excerpt":{"rendered":"<p>Braseros, barbacoas y jardineras para un espacio exterior de dise\u00f1o Si deseas un jard\u00edn acogedor y funcional, el mobiliario de [&hellip;]<\/p>\n","protected":false},"author":1,"featured_media":0,"comment_status":"closed","ping_status":"closed","sticky":false,"template":"","format":"standard","meta":{"_acf_changed":false,"inline_featured_image":false,"footnotes":""},"categories":[56],"tags":[],"class_list":["post-3435","post","type-post","status-publish","format-standard","hentry","category-sin-categoria"],"acf":[],"yoast_head":"<!-- This site is optimized with the Yoast SEO plugin v27.5 - https:\/\/yoast.com\/product\/yoast-seo-wordpress\/ -->\n<title>Mobiliario de jard\u00edn - LaFerrotecnica<\/title>\n<meta name=\"description\" content=\"Braseros, barbacoas y jardineras para un espacio exterior de dise\u00f1o Si deseas un jard\u00edn acogedor y funcional, el mobiliario de jard\u00edn de LaFerrotecnica es\" \/>\n<meta name=\"robots\" content=\"index, follow, max-snippet:-1, max-image-preview:large, max-video-preview:-1\" \/>\n<link rel=\"canonical\" href=\"https:\/\/www.laferrotecnica.com\/es\/mobiliario-de-jardin\/\" \/>\n<meta property=\"og:locale\" content=\"es_ES\" \/>\n<meta property=\"og:type\" content=\"article\" \/>\n<meta property=\"og:title\" content=\"Mobiliario de jard\u00edn - LaFerrotecnica\" \/>\n<meta property=\"og:description\" content=\"Braseros, barbacoas y jardineras para un espacio exterior de dise\u00f1o Si deseas un jard\u00edn acogedor y funcional, el mobiliario de jard\u00edn de LaFerrotecnica es\" \/>\n<meta property=\"og:url\" content=\"https:\/\/www.laferrotecnica.com\/es\/mobiliario-de-jardin\/\" \/>\n<meta property=\"og:site_name\" content=\"LaFerrotecnica\" \/>\n<meta property=\"article:publisher\" content=\"https:\/\/www.facebook.com\/profile.php?id=100091678810025\" \/>\n<meta property=\"article:published_time\" content=\"2026-01-16T12:00:53+00:00\" \/>\n<meta name=\"author\" content=\"linoolmostudio\" \/>\n<meta name=\"twitter:card\" content=\"summary_large_image\" \/>\n<meta name=\"twitter:label1\" content=\"Escrito por\" \/>\n\t<meta name=\"twitter:data1\" content=\"linoolmostudio\" \/>\n\t<meta name=\"twitter:label2\" content=\"Tiempo de lectura\" \/>\n\t<meta name=\"twitter:data2\" content=\"2 minutos\" \/>\n<script type=\"application\/ld+json\" class=\"yoast-schema-graph\">{\"@context\":\"https:\\\/\\\/schema.org\",\"@graph\":[{\"@type\":\"Article\",\"@id\":\"https:\\\/\\\/www.laferrotecnica.com\\\/es\\\/mobiliario-de-jardin\\\/#article\",\"isPartOf\":{\"@id\":\"https:\\\/\\\/www.laferrotecnica.com\\\/es\\\/mobiliario-de-jardin\\\/\"},\"author\":{\"name\":\"linoolmostudio\",\"@id\":\"https:\\\/\\\/www.laferrotecnica.com\\\/es\\\/#\\\/schema\\\/person\\\/f63d152a4f4fa3f428d052df5f114c72\"},\"headline\":\"Mobiliario de jard\u00edn\",\"datePublished\":\"2026-01-16T12:00:53+00:00\",\"mainEntityOfPage\":{\"@id\":\"https:\\\/\\\/www.laferrotecnica.com\\\/es\\\/mobiliario-de-jardin\\\/\"},\"wordCount\":320,\"inLanguage\":\"es\"},{\"@type\":\"WebPage\",\"@id\":\"https:\\\/\\\/www.laferrotecnica.com\\\/es\\\/mobiliario-de-jardin\\\/\",\"url\":\"https:\\\/\\\/www.laferrotecnica.com\\\/es\\\/mobiliario-de-jardin\\\/\",\"name\":\"Mobiliario de jard\u00edn - LaFerrotecnica\",\"isPartOf\":{\"@id\":\"https:\\\/\\\/www.laferrotecnica.com\\\/es\\\/#website\"},\"datePublished\":\"2026-01-16T12:00:53+00:00\",\"author\":{\"@id\":\"https:\\\/\\\/www.laferrotecnica.com\\\/es\\\/#\\\/schema\\\/person\\\/f63d152a4f4fa3f428d052df5f114c72\"},\"description\":\"Braseros, barbacoas y jardineras para un espacio exterior de dise\u00f1o Si deseas un jard\u00edn acogedor y funcional, el mobiliario de jard\u00edn de LaFerrotecnica es\",\"breadcrumb\":{\"@id\":\"https:\\\/\\\/www.laferrotecnica.com\\\/es\\\/mobiliario-de-jardin\\\/#breadcrumb\"},\"inLanguage\":\"es\",\"potentialAction\":[{\"@type\":\"ReadAction\",\"target\":[\"https:\\\/\\\/www.laferrotecnica.com\\\/es\\\/mobiliario-de-jardin\\\/\"]}]},{\"@type\":\"BreadcrumbList\",\"@id\":\"https:\\\/\\\/www.laferrotecnica.com\\\/es\\\/mobiliario-de-jardin\\\/#breadcrumb\",\"itemListElement\":[{\"@type\":\"ListItem\",\"position\":1,\"name\":\"Home\",\"item\":\"https:\\\/\\\/www.laferrotecnica.com\\\/es\\\/\"},{\"@type\":\"ListItem\",\"position\":2,\"name\":\"Mobiliario de jard\u00edn\"}]},{\"@type\":\"WebSite\",\"@id\":\"https:\\\/\\\/www.laferrotecnica.com\\\/es\\\/#website\",\"url\":\"https:\\\/\\\/www.laferrotecnica.com\\\/es\\\/\",\"name\":\"La Ferro Tecnica\",\"description\":\"Barbecue, bracieri per giardino e accessori per il caminetto\",\"potentialAction\":[{\"@type\":\"SearchAction\",\"target\":{\"@type\":\"EntryPoint\",\"urlTemplate\":\"https:\\\/\\\/www.laferrotecnica.com\\\/es\\\/?s={search_term_string}\"},\"query-input\":{\"@type\":\"PropertyValueSpecification\",\"valueRequired\":true,\"valueName\":\"search_term_string\"}}],\"inLanguage\":\"es\"},{\"@type\":\"Person\",\"@id\":\"https:\\\/\\\/www.laferrotecnica.com\\\/es\\\/#\\\/schema\\\/person\\\/f63d152a4f4fa3f428d052df5f114c72\",\"name\":\"linoolmostudio\",\"image\":{\"@type\":\"ImageObject\",\"inLanguage\":\"es\",\"@id\":\"https:\\\/\\\/secure.gravatar.com\\\/avatar\\\/909eb767562adfac067add0758ed4a42f33cbb31de71894de7d312bb4c9bf0ed?s=96&d=mm&r=g\",\"url\":\"https:\\\/\\\/secure.gravatar.com\\\/avatar\\\/909eb767562adfac067add0758ed4a42f33cbb31de71894de7d312bb4c9bf0ed?s=96&d=mm&r=g\",\"contentUrl\":\"https:\\\/\\\/secure.gravatar.com\\\/avatar\\\/909eb767562adfac067add0758ed4a42f33cbb31de71894de7d312bb4c9bf0ed?s=96&d=mm&r=g\",\"caption\":\"linoolmostudio\"},\"sameAs\":[\"https:\\\/\\\/www.laferrotecnica.com\"],\"url\":\"https:\\\/\\\/www.laferrotecnica.com\\\/es\\\/author\\\/linoolmostudio\\\/\"}]}<\/script>\n<!-- \/ Yoast SEO plugin. -->","yoast_head_json":{"title":"Mobiliario de jard\u00edn - LaFerrotecnica","description":"Braseros, barbacoas y jardineras para un espacio exterior de dise\u00f1o Si deseas un jard\u00edn acogedor y funcional, el mobiliario de jard\u00edn de LaFerrotecnica es","robots":{"index":"index","follow":"follow","max-snippet":"max-snippet:-1","max-image-preview":"max-image-preview:large","max-video-preview":"max-video-preview:-1"},"canonical":"https:\/\/www.laferrotecnica.com\/es\/mobiliario-de-jardin\/","og_locale":"es_ES","og_type":"article","og_title":"Mobiliario de jard\u00edn - LaFerrotecnica","og_description":"Braseros, barbacoas y jardineras para un espacio exterior de dise\u00f1o Si deseas un jard\u00edn acogedor y funcional, el mobiliario de jard\u00edn de LaFerrotecnica es","og_url":"https:\/\/www.laferrotecnica.com\/es\/mobiliario-de-jardin\/","og_site_name":"LaFerrotecnica","article_publisher":"https:\/\/www.facebook.com\/profile.php?id=100091678810025","article_published_time":"2026-01-16T12:00:53+00:00","author":"linoolmostudio","twitter_card":"summary_large_image","twitter_misc":{"Escrito por":"linoolmostudio","Tiempo de lectura":"2 minutos"},"schema":{"@context":"https:\/\/schema.org","@graph":[{"@type":"Article","@id":"https:\/\/www.laferrotecnica.com\/es\/mobiliario-de-jardin\/#article","isPartOf":{"@id":"https:\/\/www.laferrotecnica.com\/es\/mobiliario-de-jardin\/"},"author":{"name":"linoolmostudio","@id":"https:\/\/www.laferrotecnica.com\/es\/#\/schema\/person\/f63d152a4f4fa3f428d052df5f114c72"},"headline":"Mobiliario de jard\u00edn","datePublished":"2026-01-16T12:00:53+00:00","mainEntityOfPage":{"@id":"https:\/\/www.laferrotecnica.com\/es\/mobiliario-de-jardin\/"},"wordCount":320,"inLanguage":"es"},{"@type":"WebPage","@id":"https:\/\/www.laferrotecnica.com\/es\/mobiliario-de-jardin\/","url":"https:\/\/www.laferrotecnica.com\/es\/mobiliario-de-jardin\/","name":"Mobiliario de jard\u00edn - LaFerrotecnica","isPartOf":{"@id":"https:\/\/www.laferrotecnica.com\/es\/#website"},"datePublished":"2026-01-16T12:00:53+00:00","author":{"@id":"https:\/\/www.laferrotecnica.com\/es\/#\/schema\/person\/f63d152a4f4fa3f428d052df5f114c72"},"description":"Braseros, barbacoas y jardineras para un espacio exterior de dise\u00f1o Si deseas un jard\u00edn acogedor y funcional, el mobiliario de jard\u00edn de LaFerrotecnica es","breadcrumb":{"@id":"https:\/\/www.laferrotecnica.com\/es\/mobiliario-de-jardin\/#breadcrumb"},"inLanguage":"es","potentialAction":[{"@type":"ReadAction","target":["https:\/\/www.laferrotecnica.com\/es\/mobiliario-de-jardin\/"]}]},{"@type":"BreadcrumbList","@id":"https:\/\/www.laferrotecnica.com\/es\/mobiliario-de-jardin\/#breadcrumb","itemListElement":[{"@type":"ListItem","position":1,"name":"Home","item":"https:\/\/www.laferrotecnica.com\/es\/"},{"@type":"ListItem","position":2,"name":"Mobiliario de jard\u00edn"}]},{"@type":"WebSite","@id":"https:\/\/www.laferrotecnica.com\/es\/#website","url":"https:\/\/www.laferrotecnica.com\/es\/","name":"La Ferro Tecnica","description":"Barbecue, bracieri per giardino e accessori per il caminetto","potentialAction":[{"@type":"SearchAction","target":{"@type":"EntryPoint","urlTemplate":"https:\/\/www.laferrotecnica.com\/es\/?s={search_term_string}"},"query-input":{"@type":"PropertyValueSpecification","valueRequired":true,"valueName":"search_term_string"}}],"inLanguage":"es"},{"@type":"Person","@id":"https:\/\/www.laferrotecnica.com\/es\/#\/schema\/person\/f63d152a4f4fa3f428d052df5f114c72","name":"linoolmostudio","image":{"@type":"ImageObject","inLanguage":"es","@id":"https:\/\/secure.gravatar.com\/avatar\/909eb767562adfac067add0758ed4a42f33cbb31de71894de7d312bb4c9bf0ed?s=96&d=mm&r=g","url":"https:\/\/secure.gravatar.com\/avatar\/909eb767562adfac067add0758ed4a42f33cbb31de71894de7d312bb4c9bf0ed?s=96&d=mm&r=g","contentUrl":"https:\/\/secure.gravatar.com\/avatar\/909eb767562adfac067add0758ed4a42f33cbb31de71894de7d312bb4c9bf0ed?s=96&d=mm&r=g","caption":"linoolmostudio"},"sameAs":["https:\/\/www.laferrotecnica.com"],"url":"https:\/\/www.laferrotecnica.com\/es\/author\/linoolmostudio\/"}]}},"_links":{"self":[{"href":"https:\/\/www.laferrotecnica.com\/es\/wp-json\/wp\/v2\/posts\/3435","targetHints":{"allow":["GET"]}}],"collection":[{"href":"https:\/\/www.laferrotecnica.com\/es\/wp-json\/wp\/v2\/posts"}],"about":[{"href":"https:\/\/www.laferrotecnica.com\/es\/wp-json\/wp\/v2\/types\/post"}],"author":[{"embeddable":true,"href":"https:\/\/www.laferrotecnica.com\/es\/wp-json\/wp\/v2\/users\/1"}],"replies":[{"embeddable":true,"href":"https:\/\/www.laferrotecnica.com\/es\/wp-json\/wp\/v2\/comments?post=3435"}],"version-history":[{"count":1,"href":"https:\/\/www.laferrotecnica.com\/es\/wp-json\/wp\/v2\/posts\/3435\/revisions"}],"predecessor-version":[{"id":3436,"href":"https:\/\/www.laferrotecnica.com\/es\/wp-json\/wp\/v2\/posts\/3435\/revisions\/3436"}],"wp:attachment":[{"href":"https:\/\/www.laferrotecnica.com\/es\/wp-json\/wp\/v2\/media?parent=3435"}],"wp:term":[{"taxonomy":"category","embeddable":true,"href":"https:\/\/www.laferrotecnica.com\/es\/wp-json\/wp\/v2\/categories?post=3435"},{"taxonomy":"post_tag","embeddable":true,"href":"https:\/\/www.laferrotecnica.com\/es\/wp-json\/wp\/v2\/tags?post=3435"}],"curies":[{"name":"wp","href":"https:\/\/api.w.org\/{rel}","templated":true}]}}