{"id":3252,"date":"2026-01-13T09:25:04","date_gmt":"2026-01-13T08:25:04","guid":{"rendered":"https:\/\/www.laferrotecnica.com\/?p=3252"},"modified":"2026-01-13T09:25:04","modified_gmt":"2026-01-13T08:25:04","slug":"gartenmoebel","status":"publish","type":"post","link":"https:\/\/www.laferrotecnica.com\/de\/gartenmoebel\/","title":{"rendered":"Gartenm\u00f6bel"},"content":{"rendered":"<p data-start=\"0\" data-end=\"86\"><strong data-start=\"0\" data-end=\"86\">Feuerstellen, Barbecues und Pflanzgef\u00e4\u00dfe f\u00fcr einen designorientierten Au\u00dfenbereich<\/strong><\/p>\n<p data-start=\"88\" data-end=\"387\">Wenn du dir einen einladenden und funktionalen Garten w\u00fcnschst, ist das Garten-Outdoor-Design von LaFerrotecnica die perfekte L\u00f6sung. Unsere Produkte aus Eisen und Cortenstahl vereinen \u00c4sthetik und Widerstandsf\u00e4higkeit und verwandeln jeden Au\u00dfenbereich in einen Ort der Entspannung und Geselligkeit.<\/p>\n<p data-start=\"389\" data-end=\"434\"><strong data-start=\"389\" data-end=\"434\">LaFerrotecnica-Produkte f\u00fcr deinen Garten<\/strong><\/p>\n<p data-start=\"436\" data-end=\"564\">Wir bieten eine Auswahl einzigartiger Elemente, die auf Langlebigkeit ausgelegt sind und deinen Au\u00dfenbereich stilvoll aufwerten:<\/p>\n<p data-start=\"566\" data-end=\"816\"><strong data-start=\"566\" data-end=\"579\">Barbecues<\/strong> \u2013 Perfekt f\u00fcr Grillliebhaber: Unsere Eisen-Grills sind robust, hitzebest\u00e4ndig und f\u00fcr optimale Garergebnisse konzipiert. Ideal f\u00fcr Grillabende im Garten, auf der Terrasse oder beim Camping \u2013 ein Synonym f\u00fcr Qualit\u00e4t und Praktikabilit\u00e4t.<\/p>\n<p data-start=\"818\" data-end=\"1105\"><strong data-start=\"818\" data-end=\"855\">Feuerstellen f\u00fcr den Au\u00dfenbereich<\/strong> \u2013 Verleihe deinen Abenden im Freien mit einer Feuerstelle in einzigartigem Design eine warme Atmosph\u00e4re. Aus Eisen oder Cortenstahl gefertigt, schaffen sie Gem\u00fctlichkeit und erm\u00f6glichen es, den Au\u00dfenbereich auch in k\u00fchleren Jahreszeiten zu genie\u00dfen.<\/p>\n<p data-start=\"1107\" data-end=\"1399\"><strong data-start=\"1107\" data-end=\"1139\">Pflanzgef\u00e4\u00dfe aus Cortenstahl<\/strong> \u2013 Widerstandsf\u00e4hig und zeitlos elegant: Unsere Corten-Pflanzgef\u00e4\u00dfe eignen sich perfekt f\u00fcr G\u00e4rten, Terrassen und Balkone. Die nat\u00fcrliche Patina des Cortenstahls sorgt nicht nur f\u00fcr eine edle Optik, sondern auch f\u00fcr dauerhaften Schutz vor Witterungseinfl\u00fcssen.<\/p>\n<p data-start=\"1401\" data-end=\"1459\"><strong data-start=\"1401\" data-end=\"1459\">Warum Garten-Outdoor-Design von LaFerrotecnica w\u00e4hlen?<\/strong><\/p>\n<p data-start=\"1461\" data-end=\"1899\">Hochwertige Materialien \u2013 Wir verwenden Eisen und Cortenstahl f\u00fcr Langlebigkeit, Widerstandsf\u00e4higkeit und eine unverwechselbare \u00c4sthetik.<br data-start=\"1598\" data-end=\"1601\" \/>Handwerkliches Design \u2013 Jedes Produkt wird mit Sorgfalt gefertigt und vereint Funktionalit\u00e4t mit Eleganz.<br data-start=\"1706\" data-end=\"1709\" \/>Vielseitigkeit \u2013 Ideal f\u00fcr G\u00e4rten, Terrassen, Balkone und Au\u00dfenbereiche jeder Gr\u00f6\u00dfe.<br data-start=\"1793\" data-end=\"1796\" \/>Made in Italy \u2013 Mit Leidenschaft gefertigt, um dir einzigartige und langlebige Designobjekte zu bieten.<\/p>\n<p data-start=\"1901\" data-end=\"2011\" data-is-last-node=\"\" data-is-only-node=\"\">Mit LaFerrotecnica wird es einfach, deinen Garten in eine stilvolle und einladende Wohlf\u00fchloase zu verwandeln.<\/p>\n","protected":false},"excerpt":{"rendered":"<p>Feuerstellen, Barbecues und Pflanzgef\u00e4\u00dfe f\u00fcr einen designorientierten Au\u00dfenbereich Wenn du dir einen einladenden und funktionalen Garten w\u00fcnschst, ist das Garten-Outdoor-Design [&hellip;]<\/p>\n","protected":false},"author":1,"featured_media":0,"comment_status":"closed","ping_status":"closed","sticky":false,"template":"","format":"standard","meta":{"_acf_changed":false,"inline_featured_image":false,"footnotes":""},"categories":[57],"tags":[],"class_list":["post-3252","post","type-post","status-publish","format-standard","hentry","category-nicht-kategorisiert"],"acf":[],"yoast_head":"<!-- This site is optimized with the Yoast SEO plugin v27.5 - https:\/\/yoast.com\/product\/yoast-seo-wordpress\/ -->\n<title>Gartenm\u00f6bel - LaFerrotecnica<\/title>\n<meta name=\"description\" content=\"Feuerstellen, Barbecues und Pflanzgef\u00e4\u00dfe f\u00fcr einen designorientierten Au\u00dfenbereich Wenn du dir einen einladenden und funktionalen Garten w\u00fcnschst, ist das\" \/>\n<meta name=\"robots\" content=\"index, follow, max-snippet:-1, max-image-preview:large, max-video-preview:-1\" \/>\n<link rel=\"canonical\" href=\"https:\/\/www.laferrotecnica.com\/de\/gartenmoebel\/\" \/>\n<meta property=\"og:locale\" content=\"de_DE\" \/>\n<meta property=\"og:type\" content=\"article\" \/>\n<meta property=\"og:title\" content=\"Gartenm\u00f6bel - LaFerrotecnica\" \/>\n<meta property=\"og:description\" content=\"Feuerstellen, Barbecues und Pflanzgef\u00e4\u00dfe f\u00fcr einen designorientierten Au\u00dfenbereich Wenn du dir einen einladenden und funktionalen Garten w\u00fcnschst, ist das\" \/>\n<meta property=\"og:url\" content=\"https:\/\/www.laferrotecnica.com\/de\/gartenmoebel\/\" \/>\n<meta property=\"og:site_name\" content=\"LaFerrotecnica\" \/>\n<meta property=\"article:publisher\" content=\"https:\/\/www.facebook.com\/profile.php?id=100091678810025\" \/>\n<meta property=\"article:published_time\" content=\"2026-01-13T08:25:04+00:00\" \/>\n<meta name=\"author\" content=\"linoolmostudio\" \/>\n<meta name=\"twitter:card\" content=\"summary_large_image\" \/>\n<meta name=\"twitter:label1\" content=\"Verfasst von\" \/>\n\t<meta name=\"twitter:data1\" content=\"linoolmostudio\" \/>\n\t<meta name=\"twitter:label2\" content=\"Gesch\u00e4tzte Lesezeit\" \/>\n\t<meta name=\"twitter:data2\" content=\"2\u00a0Minuten\" \/>\n<script type=\"application\/ld+json\" class=\"yoast-schema-graph\">{\"@context\":\"https:\\\/\\\/schema.org\",\"@graph\":[{\"@type\":\"Article\",\"@id\":\"https:\\\/\\\/www.laferrotecnica.com\\\/de\\\/gartenmoebel\\\/#article\",\"isPartOf\":{\"@id\":\"https:\\\/\\\/www.laferrotecnica.com\\\/de\\\/gartenmoebel\\\/\"},\"author\":{\"name\":\"linoolmostudio\",\"@id\":\"https:\\\/\\\/www.laferrotecnica.com\\\/de\\\/#\\\/schema\\\/person\\\/f63d152a4f4fa3f428d052df5f114c72\"},\"headline\":\"Gartenm\u00f6bel\",\"datePublished\":\"2026-01-13T08:25:04+00:00\",\"mainEntityOfPage\":{\"@id\":\"https:\\\/\\\/www.laferrotecnica.com\\\/de\\\/gartenmoebel\\\/\"},\"wordCount\":285,\"articleSection\":[\"Nicht kategorisiert\"],\"inLanguage\":\"de\"},{\"@type\":\"WebPage\",\"@id\":\"https:\\\/\\\/www.laferrotecnica.com\\\/de\\\/gartenmoebel\\\/\",\"url\":\"https:\\\/\\\/www.laferrotecnica.com\\\/de\\\/gartenmoebel\\\/\",\"name\":\"Gartenm\u00f6bel - LaFerrotecnica\",\"isPartOf\":{\"@id\":\"https:\\\/\\\/www.laferrotecnica.com\\\/de\\\/#website\"},\"datePublished\":\"2026-01-13T08:25:04+00:00\",\"author\":{\"@id\":\"https:\\\/\\\/www.laferrotecnica.com\\\/de\\\/#\\\/schema\\\/person\\\/f63d152a4f4fa3f428d052df5f114c72\"},\"description\":\"Feuerstellen, Barbecues und Pflanzgef\u00e4\u00dfe f\u00fcr einen designorientierten Au\u00dfenbereich Wenn du dir einen einladenden und funktionalen Garten w\u00fcnschst, ist das\",\"breadcrumb\":{\"@id\":\"https:\\\/\\\/www.laferrotecnica.com\\\/de\\\/gartenmoebel\\\/#breadcrumb\"},\"inLanguage\":\"de\",\"potentialAction\":[{\"@type\":\"ReadAction\",\"target\":[\"https:\\\/\\\/www.laferrotecnica.com\\\/de\\\/gartenmoebel\\\/\"]}]},{\"@type\":\"BreadcrumbList\",\"@id\":\"https:\\\/\\\/www.laferrotecnica.com\\\/de\\\/gartenmoebel\\\/#breadcrumb\",\"itemListElement\":[{\"@type\":\"ListItem\",\"position\":1,\"name\":\"Home\",\"item\":\"https:\\\/\\\/www.laferrotecnica.com\\\/de\\\/\"},{\"@type\":\"ListItem\",\"position\":2,\"name\":\"Gartenm\u00f6bel\"}]},{\"@type\":\"WebSite\",\"@id\":\"https:\\\/\\\/www.laferrotecnica.com\\\/de\\\/#website\",\"url\":\"https:\\\/\\\/www.laferrotecnica.com\\\/de\\\/\",\"name\":\"La Ferro Tecnica\",\"description\":\"Barbecue, bracieri per giardino e accessori per il caminetto\",\"potentialAction\":[{\"@type\":\"SearchAction\",\"target\":{\"@type\":\"EntryPoint\",\"urlTemplate\":\"https:\\\/\\\/www.laferrotecnica.com\\\/de\\\/?s={search_term_string}\"},\"query-input\":{\"@type\":\"PropertyValueSpecification\",\"valueRequired\":true,\"valueName\":\"search_term_string\"}}],\"inLanguage\":\"de\"},{\"@type\":\"Person\",\"@id\":\"https:\\\/\\\/www.laferrotecnica.com\\\/de\\\/#\\\/schema\\\/person\\\/f63d152a4f4fa3f428d052df5f114c72\",\"name\":\"linoolmostudio\",\"image\":{\"@type\":\"ImageObject\",\"inLanguage\":\"de\",\"@id\":\"https:\\\/\\\/secure.gravatar.com\\\/avatar\\\/909eb767562adfac067add0758ed4a42f33cbb31de71894de7d312bb4c9bf0ed?s=96&d=mm&r=g\",\"url\":\"https:\\\/\\\/secure.gravatar.com\\\/avatar\\\/909eb767562adfac067add0758ed4a42f33cbb31de71894de7d312bb4c9bf0ed?s=96&d=mm&r=g\",\"contentUrl\":\"https:\\\/\\\/secure.gravatar.com\\\/avatar\\\/909eb767562adfac067add0758ed4a42f33cbb31de71894de7d312bb4c9bf0ed?s=96&d=mm&r=g\",\"caption\":\"linoolmostudio\"},\"sameAs\":[\"https:\\\/\\\/www.laferrotecnica.com\"],\"url\":\"https:\\\/\\\/www.laferrotecnica.com\\\/de\\\/author\\\/linoolmostudio\\\/\"}]}<\/script>\n<!-- \/ Yoast SEO plugin. -->","yoast_head_json":{"title":"Gartenm\u00f6bel - LaFerrotecnica","description":"Feuerstellen, Barbecues und Pflanzgef\u00e4\u00dfe f\u00fcr einen designorientierten Au\u00dfenbereich Wenn du dir einen einladenden und funktionalen Garten w\u00fcnschst, ist das","robots":{"index":"index","follow":"follow","max-snippet":"max-snippet:-1","max-image-preview":"max-image-preview:large","max-video-preview":"max-video-preview:-1"},"canonical":"https:\/\/www.laferrotecnica.com\/de\/gartenmoebel\/","og_locale":"de_DE","og_type":"article","og_title":"Gartenm\u00f6bel - LaFerrotecnica","og_description":"Feuerstellen, Barbecues und Pflanzgef\u00e4\u00dfe f\u00fcr einen designorientierten Au\u00dfenbereich Wenn du dir einen einladenden und funktionalen Garten w\u00fcnschst, ist das","og_url":"https:\/\/www.laferrotecnica.com\/de\/gartenmoebel\/","og_site_name":"LaFerrotecnica","article_publisher":"https:\/\/www.facebook.com\/profile.php?id=100091678810025","article_published_time":"2026-01-13T08:25:04+00:00","author":"linoolmostudio","twitter_card":"summary_large_image","twitter_misc":{"Verfasst von":"linoolmostudio","Gesch\u00e4tzte Lesezeit":"2\u00a0Minuten"},"schema":{"@context":"https:\/\/schema.org","@graph":[{"@type":"Article","@id":"https:\/\/www.laferrotecnica.com\/de\/gartenmoebel\/#article","isPartOf":{"@id":"https:\/\/www.laferrotecnica.com\/de\/gartenmoebel\/"},"author":{"name":"linoolmostudio","@id":"https:\/\/www.laferrotecnica.com\/de\/#\/schema\/person\/f63d152a4f4fa3f428d052df5f114c72"},"headline":"Gartenm\u00f6bel","datePublished":"2026-01-13T08:25:04+00:00","mainEntityOfPage":{"@id":"https:\/\/www.laferrotecnica.com\/de\/gartenmoebel\/"},"wordCount":285,"articleSection":["Nicht kategorisiert"],"inLanguage":"de"},{"@type":"WebPage","@id":"https:\/\/www.laferrotecnica.com\/de\/gartenmoebel\/","url":"https:\/\/www.laferrotecnica.com\/de\/gartenmoebel\/","name":"Gartenm\u00f6bel - LaFerrotecnica","isPartOf":{"@id":"https:\/\/www.laferrotecnica.com\/de\/#website"},"datePublished":"2026-01-13T08:25:04+00:00","author":{"@id":"https:\/\/www.laferrotecnica.com\/de\/#\/schema\/person\/f63d152a4f4fa3f428d052df5f114c72"},"description":"Feuerstellen, Barbecues und Pflanzgef\u00e4\u00dfe f\u00fcr einen designorientierten Au\u00dfenbereich Wenn du dir einen einladenden und funktionalen Garten w\u00fcnschst, ist das","breadcrumb":{"@id":"https:\/\/www.laferrotecnica.com\/de\/gartenmoebel\/#breadcrumb"},"inLanguage":"de","potentialAction":[{"@type":"ReadAction","target":["https:\/\/www.laferrotecnica.com\/de\/gartenmoebel\/"]}]},{"@type":"BreadcrumbList","@id":"https:\/\/www.laferrotecnica.com\/de\/gartenmoebel\/#breadcrumb","itemListElement":[{"@type":"ListItem","position":1,"name":"Home","item":"https:\/\/www.laferrotecnica.com\/de\/"},{"@type":"ListItem","position":2,"name":"Gartenm\u00f6bel"}]},{"@type":"WebSite","@id":"https:\/\/www.laferrotecnica.com\/de\/#website","url":"https:\/\/www.laferrotecnica.com\/de\/","name":"La Ferro Tecnica","description":"Barbecue, bracieri per giardino e accessori per il caminetto","potentialAction":[{"@type":"SearchAction","target":{"@type":"EntryPoint","urlTemplate":"https:\/\/www.laferrotecnica.com\/de\/?s={search_term_string}"},"query-input":{"@type":"PropertyValueSpecification","valueRequired":true,"valueName":"search_term_string"}}],"inLanguage":"de"},{"@type":"Person","@id":"https:\/\/www.laferrotecnica.com\/de\/#\/schema\/person\/f63d152a4f4fa3f428d052df5f114c72","name":"linoolmostudio","image":{"@type":"ImageObject","inLanguage":"de","@id":"https:\/\/secure.gravatar.com\/avatar\/909eb767562adfac067add0758ed4a42f33cbb31de71894de7d312bb4c9bf0ed?s=96&d=mm&r=g","url":"https:\/\/secure.gravatar.com\/avatar\/909eb767562adfac067add0758ed4a42f33cbb31de71894de7d312bb4c9bf0ed?s=96&d=mm&r=g","contentUrl":"https:\/\/secure.gravatar.com\/avatar\/909eb767562adfac067add0758ed4a42f33cbb31de71894de7d312bb4c9bf0ed?s=96&d=mm&r=g","caption":"linoolmostudio"},"sameAs":["https:\/\/www.laferrotecnica.com"],"url":"https:\/\/www.laferrotecnica.com\/de\/author\/linoolmostudio\/"}]}},"_links":{"self":[{"href":"https:\/\/www.laferrotecnica.com\/de\/wp-json\/wp\/v2\/posts\/3252","targetHints":{"allow":["GET"]}}],"collection":[{"href":"https:\/\/www.laferrotecnica.com\/de\/wp-json\/wp\/v2\/posts"}],"about":[{"href":"https:\/\/www.laferrotecnica.com\/de\/wp-json\/wp\/v2\/types\/post"}],"author":[{"embeddable":true,"href":"https:\/\/www.laferrotecnica.com\/de\/wp-json\/wp\/v2\/users\/1"}],"replies":[{"embeddable":true,"href":"https:\/\/www.laferrotecnica.com\/de\/wp-json\/wp\/v2\/comments?post=3252"}],"version-history":[{"count":1,"href":"https:\/\/www.laferrotecnica.com\/de\/wp-json\/wp\/v2\/posts\/3252\/revisions"}],"predecessor-version":[{"id":3253,"href":"https:\/\/www.laferrotecnica.com\/de\/wp-json\/wp\/v2\/posts\/3252\/revisions\/3253"}],"wp:attachment":[{"href":"https:\/\/www.laferrotecnica.com\/de\/wp-json\/wp\/v2\/media?parent=3252"}],"wp:term":[{"taxonomy":"category","embeddable":true,"href":"https:\/\/www.laferrotecnica.com\/de\/wp-json\/wp\/v2\/categories?post=3252"},{"taxonomy":"post_tag","embeddable":true,"href":"https:\/\/www.laferrotecnica.com\/de\/wp-json\/wp\/v2\/tags?post=3252"}],"curies":[{"name":"wp","href":"https:\/\/api.w.org\/{rel}","templated":true}]}}